{"id":8819,"date":"2024-01-22T09:18:35","date_gmt":"2024-01-22T12:18:35","guid":{"rendered":"https:\/\/sertaneja95fm.com.br\/?p=8819"},"modified":"2024-01-22T09:18:35","modified_gmt":"2024-01-22T12:18:35","slug":"sisu-2024-candidatos-podem-se-inscrever-a-partir-da-00h-desta-segunda-22","status":"publish","type":"post","link":"https:\/\/sertaneja95fm.com.br\/sited\/sisu-2024-candidatos-podem-se-inscrever-a-partir-da-00h-desta-segunda-22\/","title":{"rendered":"Sisu 2024: Candidatos podem se inscrever a partir da 00h desta segunda (22)"},"content":{"rendered":"\n<p>Iniciou a contagem regressiva para as inscri\u00e7\u00f5es para a edi\u00e7\u00e3o do Sisu 2024! &nbsp;Os candidatos que participaram do Exame Nacional do Ensino M\u00e9dio (Enem) 2023&nbsp;<a href=\"https:\/\/www.meionorte.com\/noticias\/confira-as-universidades-e-vagas-da-edicao-do-sisu-2024-resultado-do-enem-sai-terca-16-488679\"><strong>podem se inscrever no processo seletivo a partir das 00h desta segunda (22) at\u00e9 \u00e0s 00h desta quinta-feira (25).&nbsp;<\/strong><\/a><\/p>\n\n\n\n<p>Durante este per\u00edodo, o sistema, gerido pelo MEC para as vagas ofertadas por institui\u00e7\u00f5es p\u00fablicas de ensino superior de todo o Brasil, estar\u00e1 aberto de forma ininterrupta, at\u00e9 atingir o limite da oferta das vagas,&nbsp;<strong>por curso e modalidade de concorr\u00eancia, de acordo com as escolhas dos candidatos inscritos e perfil socioecon\u00f4mico para Lei de Cotas.<\/strong><\/p>\n\n\n\n<p><strong>COMO \u00c9 FEITA A INSCRI\u00c7\u00c3O?&nbsp;<\/strong><\/p>\n\n\n\n<p>O acesso ao sistema de inscri\u00e7\u00e3o do Sisu ocorre por meio do<a href=\"https:\/\/sisualuno.mec.gov.br\/#\/aguarde\"><strong>&nbsp;Login \u00danico do governo federal<\/strong><\/a>, mediante uma conta gov.br. Os participantes podem alterar suas op\u00e7\u00f5es de curso at\u00e9 o \u00faltimo dia de inscri\u00e7\u00e3o, sendo consideradas as duas \u00faltimas op\u00e7\u00f5es salvas ao t\u00e9rmino do prazo.<\/p>\n\n\n\n<p>Os candidatos do Enem 2023 com nota na reda\u00e7\u00e3o acima de zero podem se inscrever, exceto treineiros, para as 264.360 vagas oferecidas em 127 diferentes institui\u00e7\u00f5es,&nbsp;<a href=\"https:\/\/www.meionorte.com\/noticias\/confira-as-universidades-e-vagas-da-edicao-do-sisu-2024-resultado-do-enem-sai-terca-16-488679\"><strong>que podem exigir notas m\u00ednimas, por\u00e9m se a nota n\u00e3o atender ao curso desejado, o sistema emitir\u00e1 aviso.<\/strong><\/a><\/p>\n\n\n\n<p>Durante a inscri\u00e7\u00e3o, todos os participantes devem preencher o Perfil Socioecon\u00f4mico para Lei de Cotas, indicando ensino m\u00e9dio, cor, quilombolismo, defici\u00eancia e prefer\u00eancias de cotas. As modalidades de concorr\u00eancia da Lei de Cotas (LB_PPI, LB_Q, LB_PCD, LB_EP, LI_PPI, LI_Q, LI_PCD e LI_EP) estar\u00e3o dispon\u00edveis com base no perfil socioecon\u00f4mico registrado no sistema.<\/p>\n\n\n\n<p><strong>A combina\u00e7\u00e3o do Perfil e escolha (LB ou LI) determina a elegibilidade para a Lei de Cotas.&nbsp;<\/strong><\/p>\n\n\n\n<p><strong>COMO \u00c9 CALCULADA A NOTA DE CORTE DE CADA CURSO QUE O SISU INFORMA COMO REFER\u00caNCIA?<\/strong><\/p>\n\n\n\n<p>Durante as inscri\u00e7\u00f5es, o Sisu calcula diariamente a nota de corte para cada curso, considerando o n\u00famero de vagas e candidatos na modalidade de concorr\u00eancia. \u00c9 importante destacar que a nota de corte serve como refer\u00eancia, mas n\u00e3o garante a sele\u00e7\u00e3o.&nbsp;<a href=\"https:\/\/www.meionorte.com\/tudo-sobre\/noticias\/sisu\"><strong>O c\u00e1lculo n\u00e3o \u00e9 em tempo real e varia conforme as notas dos inscritos. A divulga\u00e7\u00e3o da nota de corte pelo sistema ocorre a partir do segundo dia de inscri\u00e7\u00e3o.<\/strong><\/a><\/p>\n\n\n\n<p><strong>Cronograma:<\/strong><\/p>\n\n\n\n<p>Inscri\u00e7\u00f5es: 22 a 25 de janeiro;<\/p>\n\n\n\n<p>Resultado da primeira chamada: 30 de janeiro;<\/p>\n\n\n\n<p>Matr\u00edcula dos selecionados na primeira chamada: 1\u00ba a 7 de fevereiro;<\/p>\n\n\n\n<p>Inscri\u00e7\u00e3o na lista de espera: 30 de janeiro a 7 de fevereiro.<\/p>\n\n\n\n<p><em>Foto: Reprodu\u00e7\u00e3o<\/em><\/p>\n","protected":false},"excerpt":{"rendered":"<p>Iniciou a contagem regressiva para as inscri\u00e7\u00f5es para a edi\u00e7\u00e3o do Sisu 2024! &nbsp;Os candidatos que participaram do Exame Nacional do Ensino M\u00e9dio (Enem) 2023&nbsp;podem se inscrever no processo seletivo a partir das 00h desta segunda (22) at\u00e9 \u00e0s 00h desta quinta-feira (25).&nbsp; Durante este per\u00edodo, o sistema, gerido pelo MEC para as vagas ofertadas [&hellip;]<\/p>\n","protected":false},"author":2,"featured_media":8820,"comment_status":"open","ping_status":"open","sticky":false,"template":"","format":"standard","meta":{"footnotes":""},"categories":[9,3,4,5,6,7,8],"tags":[],"class_list":["post-8819","post","type-post","status-publish","format-standard","has-post-thumbnail","hentry","category-9","category-destaque","category-locais","category-noticias","category-podcasts","category-sem-categoria","category-ultimas"],"aioseo_notices":[],"_links":{"self":[{"href":"https:\/\/sertaneja95fm.com.br\/sited\/wp-json\/wp\/v2\/posts\/8819","targetHints":{"allow":["GET"]}}],"collection":[{"href":"https:\/\/sertaneja95fm.com.br\/sited\/wp-json\/wp\/v2\/posts"}],"about":[{"href":"https:\/\/sertaneja95fm.com.br\/sited\/wp-json\/wp\/v2\/types\/post"}],"author":[{"embeddable":true,"href":"https:\/\/sertaneja95fm.com.br\/sited\/wp-json\/wp\/v2\/users\/2"}],"replies":[{"embeddable":true,"href":"https:\/\/sertaneja95fm.com.br\/sited\/wp-json\/wp\/v2\/comments?post=8819"}],"version-history":[{"count":1,"href":"https:\/\/sertaneja95fm.com.br\/sited\/wp-json\/wp\/v2\/posts\/8819\/revisions"}],"predecessor-version":[{"id":8821,"href":"https:\/\/sertaneja95fm.com.br\/sited\/wp-json\/wp\/v2\/posts\/8819\/revisions\/8821"}],"wp:featuredmedia":[{"embeddable":true,"href":"https:\/\/sertaneja95fm.com.br\/sited\/wp-json\/wp\/v2\/media\/8820"}],"wp:attachment":[{"href":"https:\/\/sertaneja95fm.com.br\/sited\/wp-json\/wp\/v2\/media?parent=8819"}],"wp:term":[{"taxonomy":"category","embeddable":true,"href":"https:\/\/sertaneja95fm.com.br\/sited\/wp-json\/wp\/v2\/categories?post=8819"},{"taxonomy":"post_tag","embeddable":true,"href":"https:\/\/sertaneja95fm.com.br\/sited\/wp-json\/wp\/v2\/tags?post=8819"}],"curies":[{"name":"wp","href":"https:\/\/api.w.org\/{rel}","templated":true}]}}