{"id":8848,"date":"2024-01-26T14:10:39","date_gmt":"2024-01-26T17:10:39","guid":{"rendered":"https:\/\/sertaneja95fm.com.br\/?p=8848"},"modified":"2024-01-26T14:46:44","modified_gmt":"2024-01-26T17:46:44","slug":"cidades-e-comunidades-atendidas-pela-adutora-serra-de-santana-terao-abastecimento-religado-no-inicio-da-noite-de-sexta-feira-26","status":"publish","type":"post","link":"https:\/\/sertaneja95fm.com.br\/sited\/cidades-e-comunidades-atendidas-pela-adutora-serra-de-santana-terao-abastecimento-religado-no-inicio-da-noite-de-sexta-feira-26\/","title":{"rendered":"CIDADES E COMUNIDADES ATENDIDAS PELA ADUTORA SERRA DE SANTANA TER\u00c3O ABASTECIMENTO RELIGADO NO IN\u00cdCIO DA NOITE DE SEXTA-FEIRA (26)"},"content":{"rendered":"\n<p>A adutora Serra de Santana foi paralisada na madrugada desta quinta-feira (25), ap\u00f3s ocorr\u00eancia de vandalismo na Esta\u00e7\u00e3o Elevat\u00f3ria II. Equipe da Caern est\u00e1 trabalhando para restabelecer o abastecimento, inclusive equipamentos danificados, at\u00e9 o in\u00edcio da noite de sexta-feira (26).<\/p>\n\n\n\n<p>Quando o sistema for religado come\u00e7a a distribuir \u00e1gua para Flor\u00e2nia, Tenente Laurentino, S\u00e3o Vicente e as comunidades atendidas pelo Cons\u00f3rcio Intermunicipal de Saneamento (CONISA). Na ter\u00e7a-feira (30), \u00e0s 8h, come\u00e7a a abastecer as cidades de Bod\u00f3 e Lagoa Nova. A Caern est\u00e1 trabalhando em parceria com a pol\u00edcia civil, colaborando com as investiga\u00e7\u00f5es para chegar aos respons\u00e1veis.<\/p>\n","protected":false},"excerpt":{"rendered":"<p>A adutora Serra de Santana foi paralisada na madrugada desta quinta-feira (25), ap\u00f3s ocorr\u00eancia de vandalismo na Esta\u00e7\u00e3o Elevat\u00f3ria II. Equipe da Caern est\u00e1 trabalhando para restabelecer o abastecimento, inclusive equipamentos danificados, at\u00e9 o in\u00edcio da noite de sexta-feira (26). Quando o sistema for religado come\u00e7a a distribuir \u00e1gua para Flor\u00e2nia, Tenente Laurentino, S\u00e3o Vicente [&hellip;]<\/p>\n","protected":false},"author":2,"featured_media":8850,"comment_status":"open","ping_status":"open","sticky":false,"template":"","format":"standard","meta":{"footnotes":""},"categories":[9,3,4,5,6,7,8],"tags":[],"class_list":["post-8848","post","type-post","status-publish","format-standard","has-post-thumbnail","hentry","category-9","category-destaque","category-locais","category-noticias","category-podcasts","category-sem-categoria","category-ultimas"],"aioseo_notices":[],"_links":{"self":[{"href":"https:\/\/sertaneja95fm.com.br\/sited\/wp-json\/wp\/v2\/posts\/8848","targetHints":{"allow":["GET"]}}],"collection":[{"href":"https:\/\/sertaneja95fm.com.br\/sited\/wp-json\/wp\/v2\/posts"}],"about":[{"href":"https:\/\/sertaneja95fm.com.br\/sited\/wp-json\/wp\/v2\/types\/post"}],"author":[{"embeddable":true,"href":"https:\/\/sertaneja95fm.com.br\/sited\/wp-json\/wp\/v2\/users\/2"}],"replies":[{"embeddable":true,"href":"https:\/\/sertaneja95fm.com.br\/sited\/wp-json\/wp\/v2\/comments?post=8848"}],"version-history":[{"count":2,"href":"https:\/\/sertaneja95fm.com.br\/sited\/wp-json\/wp\/v2\/posts\/8848\/revisions"}],"predecessor-version":[{"id":8857,"href":"https:\/\/sertaneja95fm.com.br\/sited\/wp-json\/wp\/v2\/posts\/8848\/revisions\/8857"}],"wp:featuredmedia":[{"embeddable":true,"href":"https:\/\/sertaneja95fm.com.br\/sited\/wp-json\/wp\/v2\/media\/8850"}],"wp:attachment":[{"href":"https:\/\/sertaneja95fm.com.br\/sited\/wp-json\/wp\/v2\/media?parent=8848"}],"wp:term":[{"taxonomy":"category","embeddable":true,"href":"https:\/\/sertaneja95fm.com.br\/sited\/wp-json\/wp\/v2\/categories?post=8848"},{"taxonomy":"post_tag","embeddable":true,"href":"https:\/\/sertaneja95fm.com.br\/sited\/wp-json\/wp\/v2\/tags?post=8848"}],"curies":[{"name":"wp","href":"https:\/\/api.w.org\/{rel}","templated":true}]}}