{"id":8852,"date":"2024-01-26T14:43:53","date_gmt":"2024-01-26T17:43:53","guid":{"rendered":"https:\/\/sertaneja95fm.com.br\/?p=8852"},"modified":"2024-01-26T15:09:21","modified_gmt":"2024-01-26T18:09:21","slug":"carnval-2024-arrastao-do-boi-lanca-musica-nova-carnaval-cultural-de-currais-novos-cresce-a-cada-ano","status":"publish","type":"post","link":"https:\/\/sertaneja95fm.com.br\/sited\/carnval-2024-arrastao-do-boi-lanca-musica-nova-carnaval-cultural-de-currais-novos-cresce-a-cada-ano\/","title":{"rendered":"ARRAST\u00c3O DO BOI LAN\u00c7A MUSICA NOVA, CARNAVAL CULTURAL DE CURRAIS NOVOS CRESCE A CADA ANO"},"content":{"rendered":"\n<p>O Carnaval de\u00a0<a class=\"\" href=\"https:\/\/g1.globo.com\/rn\/rio-grande-do-norte\/cidade\/currais-novos\/\">Currais Novos<\/a>\u00a0promete muita alegria e celebra\u00e7\u00e3o pelos 11 anos do \u201cArrast\u00e3o do Boi\u201d, o  movimento cultural criado para resgatar os festejos carnavalescos no munic\u00edpio valorizando os artistas locais e uma programa\u00e7\u00e3o para toda fam\u00edlia.<\/p>\n\n\n\n<figure class=\"wp-block-image size-full\"><img loading=\"lazy\" decoding=\"async\" width=\"800\" height=\"572\" src=\"https:\/\/sertaneja95fm.com.br\/sited\/wp-content\/uploads\/2024\/01\/Arrastao-do-Boi-Domingo-02-1.jpg\" alt=\"\" class=\"wp-image-8860\" srcset=\"https:\/\/sertaneja95fm.com.br\/sited\/wp-content\/uploads\/2024\/01\/Arrastao-do-Boi-Domingo-02-1.jpg 800w, https:\/\/sertaneja95fm.com.br\/sited\/wp-content\/uploads\/2024\/01\/Arrastao-do-Boi-Domingo-02-1-300x215.jpg 300w, https:\/\/sertaneja95fm.com.br\/sited\/wp-content\/uploads\/2024\/01\/Arrastao-do-Boi-Domingo-02-1-768x549.jpg 768w\" sizes=\"auto, (max-width: 800px) 100vw, 800px\" \/><figcaption class=\"wp-element-caption\">Foto: Mazilton Galv\u00e3o <\/figcaption><\/figure>\n\n\n\n<p>Durante os quatro dias de folia, o bloco ter\u00e1 concentra\u00e7\u00e3o a partir das 19h na pra\u00e7a Tet\u00ea Salustino e segue pelas principais avenidas da cidade. O cantor, compositor e um dos organizadores do arrast\u00e3o, Siderley Jatob\u00e1, falou ao jornal 95 da expectativa para esse ano e da musica &#8220;Carnaval da Princesa do Serid\u00f3&#8221; de sua composi\u00e7\u00e3o.<\/p>\n\n\n\n<p>&#8220;As pessoas que v\u00e3o ficar em Currais Novos, que n\u00e3o v\u00e3o viajar, \u00e9 uma grande pedida, a nossa programa\u00e7\u00e3o  promete, algumas atividade foram ampliadas, vamos ter a feijoada do boi no domingo dia 04, o baile de mascar\u00e1 na sexta dia 09, e 04 dias de muita folia&#8221;. Disse Siderley Jatob\u00e1.<\/p>\n\n\n\n<p> O carnaval cultural de Currais Novos vai acontecer de 09 a 13 de fevereiro.<\/p>\n\n\n\n<p>Por: Rai Fidelis\/Jornalista <\/p>\n\n\n\n<p>Ou\u00e7a abaixo a nova musica do Arrast\u00e3o do Boi<\/p>\n\n\n\n<figure class=\"wp-block-audio\"><audio controls src=\"blob:https:\/\/sertaneja95fm.com.br\/a8a069de-9439-4469-975d-0221c3852eaf\"><\/audio><\/figure>\n","protected":false},"excerpt":{"rendered":"<p>O Carnaval de\u00a0Currais Novos\u00a0promete muita alegria e celebra\u00e7\u00e3o pelos 11 anos do \u201cArrast\u00e3o do Boi\u201d, o movimento cultural criado para resgatar os festejos carnavalescos no munic\u00edpio valorizando os artistas locais e uma programa\u00e7\u00e3o para toda fam\u00edlia. Durante os quatro dias de folia, o bloco ter\u00e1 concentra\u00e7\u00e3o a partir das 19h na pra\u00e7a Tet\u00ea Salustino e [&hellip;]<\/p>\n","protected":false},"author":2,"featured_media":8865,"comment_status":"open","ping_status":"open","sticky":false,"template":"","format":"standard","meta":{"footnotes":""},"categories":[9,3,4,5,6,7,8],"tags":[],"class_list":["post-8852","post","type-post","status-publish","format-standard","has-post-thumbnail","hentry","category-9","category-destaque","category-locais","category-noticias","category-podcasts","category-sem-categoria","category-ultimas"],"aioseo_notices":[],"_links":{"self":[{"href":"https:\/\/sertaneja95fm.com.br\/sited\/wp-json\/wp\/v2\/posts\/8852","targetHints":{"allow":["GET"]}}],"collection":[{"href":"https:\/\/sertaneja95fm.com.br\/sited\/wp-json\/wp\/v2\/posts"}],"about":[{"href":"https:\/\/sertaneja95fm.com.br\/sited\/wp-json\/wp\/v2\/types\/post"}],"author":[{"embeddable":true,"href":"https:\/\/sertaneja95fm.com.br\/sited\/wp-json\/wp\/v2\/users\/2"}],"replies":[{"embeddable":true,"href":"https:\/\/sertaneja95fm.com.br\/sited\/wp-json\/wp\/v2\/comments?post=8852"}],"version-history":[{"count":13,"href":"https:\/\/sertaneja95fm.com.br\/sited\/wp-json\/wp\/v2\/posts\/8852\/revisions"}],"predecessor-version":[{"id":8876,"href":"https:\/\/sertaneja95fm.com.br\/sited\/wp-json\/wp\/v2\/posts\/8852\/revisions\/8876"}],"wp:featuredmedia":[{"embeddable":true,"href":"https:\/\/sertaneja95fm.com.br\/sited\/wp-json\/wp\/v2\/media\/8865"}],"wp:attachment":[{"href":"https:\/\/sertaneja95fm.com.br\/sited\/wp-json\/wp\/v2\/media?parent=8852"}],"wp:term":[{"taxonomy":"category","embeddable":true,"href":"https:\/\/sertaneja95fm.com.br\/sited\/wp-json\/wp\/v2\/categories?post=8852"},{"taxonomy":"post_tag","embeddable":true,"href":"https:\/\/sertaneja95fm.com.br\/sited\/wp-json\/wp\/v2\/tags?post=8852"}],"curies":[{"name":"wp","href":"https:\/\/api.w.org\/{rel}","templated":true}]}}