{"id":8900,"date":"2024-01-31T16:41:55","date_gmt":"2024-01-31T19:41:55","guid":{"rendered":"https:\/\/sertaneja95fm.com.br\/?p=8900"},"modified":"2024-01-31T16:41:56","modified_gmt":"2024-01-31T19:41:56","slug":"governadora-do-rio-grande-do-norte-fatima-bezerra-e-empossada-presidente-do-consorcio-nordeste","status":"publish","type":"post","link":"https:\/\/sertaneja95fm.com.br\/sited\/governadora-do-rio-grande-do-norte-fatima-bezerra-e-empossada-presidente-do-consorcio-nordeste\/","title":{"rendered":"GOVERNADORA DO RIO GRANDE DO NORTE, F\u00c1TIMA BEZERRA \u00c9 EMPOSSADA PRESIDENTE DO CONS\u00d3RCIO NORDESTE"},"content":{"rendered":"\n<p><\/p>\n\n\n\n<p><div id=\"chunk-d6j82\" style=\"box-sizing: inherit; margin: 0px; padding: 0px; border: 0px; font-variant-numeric: inherit; font-variant-east-asian: inherit; font-variant-alternates: inherit; font-variant-position: inherit; font-stretch: inherit; font-size: medium; line-height: inherit; font-family: glbOpenSans, &quot;Open Sans&quot;, Arial, Inter, -apple-system, &quot;system-ui&quot;, Roboto, &quot;Helvetica Neue&quot;, Helvetica, Noto, Ubuntu, &quot;Segoe UI&quot;, sans-serif; font-optical-sizing: inherit; font-kerning: inherit; font-feature-settings: inherit; font-variation-settings: inherit; vertical-align: baseline; color: rgb(31, 33, 35); white-space-collapse: collapse;\"><div class=\"mc-column content-text active-extra-styles \" data-block-type=\"unstyled\" data-block-weight=\"33\" data-block-id=\"2\" style=\"box-sizing: inherit; margin: var(--glb-sp-col-mg-top,0) auto var(--glb-sp-col-mg-bottom,2rem) auto; padding-top: 0px; padding-right: var(--glb-sp-col-padding-side,1rem); padding-bottom: 0px; padding-left: var(--glb-sp-col-padding-side,1rem); border: 0px; font-style: inherit; font-variant: inherit; font-weight: var(--g-fnt-weight-regular); font-stretch: inherit; font-size: var(--g-fnt-size-50); line-height: var(--g-fnt-lh-40); font-family: var(--font-family-book),var(--font-family-book-fallback); font-optical-sizing: inherit; font-kerning: inherit; font-feature-settings: var(--g-fnt-ft-bk-roman); font-variation-settings: var(--g-fnt-vr-bk-roman); vertical-align: baseline; float: none; max-width: var(--glb-sp-col-max-width,42.5rem); width: var(--glb-sp-col-width,70%); clear: none; overflow-wrap: break-word; letter-spacing: var(--g-fnt-ls-230);\"><p class=\" content-text__container \" data-track-category=\"Link no Texto\" data-track-links=\"\" style=\"box-sizing: inherit; margin-bottom: 0px; padding: 0px; border: 0px; font: inherit; vertical-align: baseline;\">A governadora do Rio Grande do Norte, F\u00e1tima Bezerra (PT) tomou posse como presidente do Cons\u00f3rcio Nordeste durante assembleia com governadores dos estados da regi\u00e3o na manh\u00e3 desta quarta-feira (31), em\u00a0<a class=\"\" style=\"box-sizing: inherit; margin: 0px; padding: 0px; border: 0px; font-style: inherit; font-variant: inherit; font-weight: var(--g-fnt-weight-bold); font-stretch: inherit; font-size: inherit; line-height: inherit; font-family: inherit; font-optical-sizing: inherit; font-kerning: inherit; font-feature-settings: inherit; font-variation-settings: inherit; vertical-align: baseline; text-decoration-line: none; color: rgb(196, 23, 12);\" href=\"https:\/\/g1.globo.com\/rn\/rio-grande-do-norte\/cidade\/natal\/\">Natal<\/a>.<\/p><\/div><\/div><div class=\"wall protected-content\" style=\"box-sizing: inherit; margin: 0px; padding: 0px; border: 0px; font-variant-numeric: inherit; font-variant-east-asian: inherit; font-variant-alternates: inherit; font-variant-position: inherit; font-stretch: inherit; font-size: medium; line-height: inherit; font-family: glbOpenSans, &quot;Open Sans&quot;, Arial, Inter, -apple-system, &quot;system-ui&quot;, Roboto, &quot;Helvetica Neue&quot;, Helvetica, Noto, Ubuntu, &quot;Segoe UI&quot;, sans-serif; font-optical-sizing: inherit; font-kerning: inherit; font-feature-settings: inherit; font-variation-settings: inherit; vertical-align: baseline; color: rgb(31, 33, 35); white-space-collapse: collapse;\"><div id=\"chunk-de8e8\" style=\"box-sizing: inherit; margin: 0px; padding: 0px; border: 0px; font: inherit; vertical-align: baseline;\"><div class=\"mc-column content-text active-extra-styles \" data-block-type=\"unstyled\" data-block-weight=\"29\" data-block-id=\"4\" style=\"box-sizing: inherit; margin: var(--glb-sp-col-mg-top,0) auto var(--glb-sp-col-mg-bottom,2rem) auto; padding-top: 0px; padding-right: var(--glb-sp-col-padding-side,1rem); padding-bottom: 0px; padding-left: var(--glb-sp-col-padding-side,1rem); border: 0px; font-style: inherit; font-variant: inherit; font-weight: var(--g-fnt-weight-regular); font-stretch: inherit; font-size: var(--g-fnt-size-50); line-height: var(--g-fnt-lh-40); font-family: var(--font-family-book),var(--font-family-book-fallback); font-optical-sizing: inherit; font-kerning: inherit; font-feature-settings: var(--g-fnt-ft-bk-roman); font-variation-settings: var(--g-fnt-vr-bk-roman); vertical-align: baseline; float: none; max-width: var(--glb-sp-col-max-width,42.5rem); width: var(--glb-sp-col-width,70%); clear: none; overflow-wrap: break-word; letter-spacing: var(--g-fnt-ls-230);\"><p class=\" content-text__container \" data-track-category=\"Link no Texto\" data-track-links=\"\" style=\"box-sizing: inherit; margin-bottom: 0px; padding: 0px; border: 0px; font: inherit; vertical-align: baseline;\">Ao assumir o cargo no lugar de Jo\u00e3o Azevedo (PSB), da Para\u00edba, F\u00e1tima se tornou a primeira presidente mulher da entidade e ter\u00e1 um mandato de um ano.<\/p><\/div><\/div><div id=\"chunk-3gqlc\" style=\"box-sizing: inherit; margin: 0px; padding: 0px; border: 0px; font: inherit; vertical-align: baseline;\"><div class=\"mc-column content-text active-extra-styles \" data-block-type=\"unstyled\" data-block-weight=\"49\" data-block-id=\"5\" style=\"box-sizing: inherit; margin: var(--glb-sp-col-mg-top,0) auto var(--glb-sp-col-mg-bottom,2rem) auto; padding-top: 0px; padding-right: var(--glb-sp-col-padding-side,1rem); padding-bottom: 0px; padding-left: var(--glb-sp-col-padding-side,1rem); border: 0px; font-style: inherit; font-variant: inherit; font-weight: var(--g-fnt-weight-regular); font-stretch: inherit; font-size: var(--g-fnt-size-50); line-height: var(--g-fnt-lh-40); font-family: var(--font-family-book),var(--font-family-book-fallback); font-optical-sizing: inherit; font-kerning: inherit; font-feature-settings: var(--g-fnt-ft-bk-roman); font-variation-settings: var(--g-fnt-vr-bk-roman); vertical-align: baseline; float: none; max-width: var(--glb-sp-col-max-width,42.5rem); width: var(--glb-sp-col-width,70%); clear: none; overflow-wrap: break-word; letter-spacing: var(--g-fnt-ls-230);\"><p class=\" content-text__container \" data-track-category=\"Link no Texto\" data-track-links=\"\" style=\"box-sizing: inherit; margin-bottom: 0px; padding: 0px; border: 0px; font: inherit; vertical-align: baseline;\">Al\u00e9m da presen\u00e7a dos governadores de todos os estados da regi\u00e3o, com exce\u00e7\u00e3o de Elmano de Freitas, do Cear\u00e1, que enviou a vice, Jade Romero, o encontro contou com a participa\u00e7\u00e3o do ministro de Desenvolvimento e Assist\u00eancia Social, Wellington Dias, que j\u00e1 foi presidente do cons\u00f3rcio.<\/p><\/div><\/div><div id=\"chunk-cvla8\" style=\"box-sizing: inherit; margin: 0px; padding: 0px; border: 0px; font: inherit; vertical-align: baseline;\"><div class=\"content-ads content-ads--reveal\" data-block-type=\"ads\" data-block-id=\"6\" style=\"box-sizing: inherit; margin: 0px auto; padding: 0px; border: 0px; font: inherit; vertical-align: baseline; width: 970px; transition: height 0.9s ease 0s; overflow: hidden;\"><\/div><\/div><div id=\"chunk-dlq8h\" style=\"box-sizing: inherit; margin: 0px; padding: 0px; border: 0px; font: inherit; vertical-align: baseline;\"><div class=\"mc-column content-text active-extra-styles \" data-block-type=\"unstyled\" data-block-weight=\"26\" data-block-id=\"7\" style=\"box-sizing: inherit; margin: var(--glb-sp-col-mg-top,0) auto var(--glb-sp-col-mg-bottom,2rem) auto; padding-top: 0px; padding-right: var(--glb-sp-col-padding-side,1rem); padding-bottom: 0px; padding-left: var(--glb-sp-col-padding-side,1rem); border: 0px; font-style: inherit; font-variant: inherit; font-weight: var(--g-fnt-weight-regular); font-stretch: inherit; font-size: var(--g-fnt-size-50); line-height: var(--g-fnt-lh-40); font-family: var(--font-family-book),var(--font-family-book-fallback); font-optical-sizing: inherit; font-kerning: inherit; font-feature-settings: var(--g-fnt-ft-bk-roman); font-variation-settings: var(--g-fnt-vr-bk-roman); vertical-align: baseline; float: none; max-width: var(--glb-sp-col-max-width,42.5rem); width: var(--glb-sp-col-width,70%); clear: none; overflow-wrap: break-word; letter-spacing: var(--g-fnt-ls-230);\"><p class=\" content-text__container \" data-track-category=\"Link no Texto\" data-track-links=\"\" style=\"box-sizing: inherit; margin-bottom: 0px; padding: 0px; border: 0px; font: inherit; vertical-align: baseline;\">Na solenidade, F\u00e1tima ressaltou o pioneirismo potiguar na participa\u00e7\u00e3o feminina na pol\u00edtica e ressaltou alguns dos seus objetivos \u00e0 frente do cons\u00f3rcio, criado em 2019.<\/p><\/div><\/div><div id=\"chunk-ebaam\" style=\"box-sizing: inherit; margin: 0px; padding: 0px; border: 0px; font: inherit; vertical-align: baseline;\"><div class=\"mc-column content-text active-extra-styles\" data-block-type=\"raw\" data-block-weight=\"49\" data-block-id=\"8\" style=\"box-sizing: inherit; margin: var(--glb-sp-col-mg-top,0) auto var(--glb-sp-col-mg-bottom,2rem) auto; padding-top: 0px; padding-right: var(--glb-sp-col-padding-side,1rem); padding-bottom: 0px; padding-left: var(--glb-sp-col-padding-side,1rem); border: 0px; font-style: inherit; font-variant: inherit; font-weight: var(--g-fnt-weight-regular); font-stretch: inherit; font-size: var(--g-fnt-size-50); line-height: var(--g-fnt-lh-40); font-family: var(--font-family-book),var(--font-family-book-fallback); font-optical-sizing: inherit; font-kerning: inherit; font-feature-settings: var(--g-fnt-ft-bk-roman); font-variation-settings: var(--g-fnt-vr-bk-roman); vertical-align: baseline; float: none; max-width: var(--glb-sp-col-max-width,42.5rem); width: var(--glb-sp-col-width,70%); clear: none; overflow-wrap: break-word; letter-spacing: var(--g-fnt-ls-230);\"><p class=\"content-text__container\" style=\"box-sizing: inherit; margin-bottom: 0px; padding: 0px; border: 0px; font: inherit; vertical-align: baseline;\"><\/p><blockquote class=\"content-blockquote theme-border-color-primary-before\" style=\"box-sizing: inherit; margin: 0px auto; padding: 28px 20px 32px; border-top: var(--glb-theme-ft-card-border); border-right: 0px; border-bottom: var(--glb-theme-ft-card-border); border-left: 0px; border-image: initial; font-style: inherit; font-variant: inherit; font-weight: var(--g-fnt-weight-bold); font-stretch: inherit; font-size: var(--g-fnt-size-60); line-height: var(--g-fnt-lh-40); font-family: var(--font-family-display),var(--font-family-display-fallback); font-optical-sizing: inherit; font-kerning: inherit; font-feature-settings: var(--g-fnt-ft-dis-roman); font-variation-settings: var(--g-fnt-vr-dis-roman); vertical-align: baseline; clear: both; position: relative; letter-spacing: var(--g-fnt-ls-270);\">&#8220;Um dos focos nossos vai ser esse comit\u00ea de acompanhamento das obras do PAC. J\u00e1 fiz contato com a Casa Civil, porque nosso intuito \u00e9 fazer esse acompanhamento, com foco principalmente nas obras voltadas \u00e0 infraestrutura h\u00eddrica, \u00e0 infraestrutura rodovi\u00e1ria e \u00e0 quest\u00e3o da expans\u00e3o das energias renov\u00e1veis&#8221;, afirmou.<\/blockquote><\/div><\/div><\/div><\/p>\n\n\n\n<figure class=\"wp-block-image size-large\"><img loading=\"lazy\" decoding=\"async\" width=\"1024\" height=\"683\" src=\"https:\/\/sertaneja95fm.com.br\/sited\/wp-content\/uploads\/2024\/01\/GOV-1-1024x683.jpeg\" alt=\"\" class=\"wp-image-8902\" srcset=\"https:\/\/sertaneja95fm.com.br\/sited\/wp-content\/uploads\/2024\/01\/GOV-1-1024x683.jpeg 1024w, https:\/\/sertaneja95fm.com.br\/sited\/wp-content\/uploads\/2024\/01\/GOV-1-300x200.jpeg 300w, https:\/\/sertaneja95fm.com.br\/sited\/wp-content\/uploads\/2024\/01\/GOV-1-768x512.jpeg 768w, https:\/\/sertaneja95fm.com.br\/sited\/wp-content\/uploads\/2024\/01\/GOV-1.jpeg 1110w\" sizes=\"auto, (max-width: 1024px) 100vw, 1024px\" \/><\/figure>\n\n\n\n<p>Foto: Sandro Menezes\/GovRN<\/p>\n\n\n\n<p>G1<\/p>\n","protected":false},"excerpt":{"rendered":"<p>A governadora do Rio Grande do Norte, F\u00e1tima Bezerra (PT) tomou posse como presidente do Cons\u00f3rcio Nordeste durante assembleia com governadores dos estados da regi\u00e3o na manh\u00e3 desta quarta-feira (31), em\u00a0Natal. Ao assumir o cargo no lugar de Jo\u00e3o Azevedo (PSB), da Para\u00edba, F\u00e1tima se tornou a primeira presidente mulher da entidade e ter\u00e1 um [&hellip;]<\/p>\n","protected":false},"author":2,"featured_media":8901,"comment_status":"open","ping_status":"open","sticky":false,"template":"","format":"standard","meta":{"footnotes":""},"categories":[9,3,4,5,6,7,8],"tags":[],"class_list":["post-8900","post","type-post","status-publish","format-standard","has-post-thumbnail","hentry","category-9","category-destaque","category-locais","category-noticias","category-podcasts","category-sem-categoria","category-ultimas"],"aioseo_notices":[],"_links":{"self":[{"href":"https:\/\/sertaneja95fm.com.br\/sited\/wp-json\/wp\/v2\/posts\/8900","targetHints":{"allow":["GET"]}}],"collection":[{"href":"https:\/\/sertaneja95fm.com.br\/sited\/wp-json\/wp\/v2\/posts"}],"about":[{"href":"https:\/\/sertaneja95fm.com.br\/sited\/wp-json\/wp\/v2\/types\/post"}],"author":[{"embeddable":true,"href":"https:\/\/sertaneja95fm.com.br\/sited\/wp-json\/wp\/v2\/users\/2"}],"replies":[{"embeddable":true,"href":"https:\/\/sertaneja95fm.com.br\/sited\/wp-json\/wp\/v2\/comments?post=8900"}],"version-history":[{"count":1,"href":"https:\/\/sertaneja95fm.com.br\/sited\/wp-json\/wp\/v2\/posts\/8900\/revisions"}],"predecessor-version":[{"id":8903,"href":"https:\/\/sertaneja95fm.com.br\/sited\/wp-json\/wp\/v2\/posts\/8900\/revisions\/8903"}],"wp:featuredmedia":[{"embeddable":true,"href":"https:\/\/sertaneja95fm.com.br\/sited\/wp-json\/wp\/v2\/media\/8901"}],"wp:attachment":[{"href":"https:\/\/sertaneja95fm.com.br\/sited\/wp-json\/wp\/v2\/media?parent=8900"}],"wp:term":[{"taxonomy":"category","embeddable":true,"href":"https:\/\/sertaneja95fm.com.br\/sited\/wp-json\/wp\/v2\/categories?post=8900"},{"taxonomy":"post_tag","embeddable":true,"href":"https:\/\/sertaneja95fm.com.br\/sited\/wp-json\/wp\/v2\/tags?post=8900"}],"curies":[{"name":"wp","href":"https:\/\/api.w.org\/{rel}","templated":true}]}}