{"id":8930,"date":"2024-02-14T10:01:40","date_gmt":"2024-02-14T13:01:40","guid":{"rendered":"https:\/\/sertaneja95fm.com.br\/?p=8930"},"modified":"2024-02-14T10:28:13","modified_gmt":"2024-02-14T13:28:13","slug":"r-concurso-de-currais-novos-documento-oficializa-funcern-como-banca-organizadora-do-certame","status":"publish","type":"post","link":"https:\/\/sertaneja95fm.com.br\/sited\/r-concurso-de-currais-novos-documento-oficializa-funcern-como-banca-organizadora-do-certame\/","title":{"rendered":"CONCURSO DE CURRAIS NOVOS: DOCUMENTO OFICIALIZA FUNCERN COMO BANCA ORGANIZADORA DO CERTAME"},"content":{"rendered":"\n<p>A Prefeitura Municipal de Currais Novos anunciou a contrata\u00e7\u00e3o da Funda\u00e7\u00e3o de Apoio \u00e0 Educa\u00e7\u00e3o e ao Desenvolvimento Tecnol\u00f3gico do RN (Funcern) para organiza\u00e7\u00e3o do novo concurso p\u00fablico do munic\u00edpio.<\/p>\n\n\n\n<p>O acerto foi confirmado ap\u00f3s publica\u00e7\u00e3o de um extrato de contrato no Di\u00e1rio Oficial da Uni\u00e3o do \u00faltimo dia 9 de fevereiro. O contrato tem validade a partir do dia 9 de fevereiro e tem validade de 12 meses.<\/p>\n\n\n\n<p>De acordo com o documento, o acerto engloba \u201cservi\u00e7os t\u00e9cnicos de elabora\u00e7\u00e3o, diagrama\u00e7\u00e3o, impress\u00e3o, log\u00edstica e outros procedimentos necess\u00e1rios para organiza\u00e7\u00e3o e aplica\u00e7\u00e3o do concurso p\u00fablico\u201d.<\/p>\n\n\n\n<p>Ao todo, ser\u00e3o 72 vagas (e forma\u00e7\u00e3o de cadastro de reserva) a partir do certame. Os sal\u00e1rios variam entre R$ 1.412 e R$ 3.500. As datas e o edital do concurso dever\u00e3o ser divulgados em breve.<\/p>\n\n\n\n<p><\/p>\n\n\n\n<p><\/p>\n\n\n\n<p><\/p>\n\n\n\n<p>blogdoanthonymedeiros<\/p>\n\n\n\n<p><\/p>\n","protected":false},"excerpt":{"rendered":"<p>A Prefeitura Municipal de Currais Novos anunciou a contrata\u00e7\u00e3o da Funda\u00e7\u00e3o de Apoio \u00e0 Educa\u00e7\u00e3o e ao Desenvolvimento Tecnol\u00f3gico do RN (Funcern) para organiza\u00e7\u00e3o do novo concurso p\u00fablico do munic\u00edpio. O acerto foi confirmado ap\u00f3s publica\u00e7\u00e3o de um extrato de contrato no Di\u00e1rio Oficial da Uni\u00e3o do \u00faltimo dia 9 de fevereiro. O contrato tem [&hellip;]<\/p>\n","protected":false},"author":2,"featured_media":8931,"comment_status":"open","ping_status":"open","sticky":false,"template":"","format":"standard","meta":{"footnotes":""},"categories":[9,3,4,5,6,7,8],"tags":[],"class_list":["post-8930","post","type-post","status-publish","format-standard","has-post-thumbnail","hentry","category-9","category-destaque","category-locais","category-noticias","category-podcasts","category-sem-categoria","category-ultimas"],"aioseo_notices":[],"_links":{"self":[{"href":"https:\/\/sertaneja95fm.com.br\/sited\/wp-json\/wp\/v2\/posts\/8930","targetHints":{"allow":["GET"]}}],"collection":[{"href":"https:\/\/sertaneja95fm.com.br\/sited\/wp-json\/wp\/v2\/posts"}],"about":[{"href":"https:\/\/sertaneja95fm.com.br\/sited\/wp-json\/wp\/v2\/types\/post"}],"author":[{"embeddable":true,"href":"https:\/\/sertaneja95fm.com.br\/sited\/wp-json\/wp\/v2\/users\/2"}],"replies":[{"embeddable":true,"href":"https:\/\/sertaneja95fm.com.br\/sited\/wp-json\/wp\/v2\/comments?post=8930"}],"version-history":[{"count":2,"href":"https:\/\/sertaneja95fm.com.br\/sited\/wp-json\/wp\/v2\/posts\/8930\/revisions"}],"predecessor-version":[{"id":8947,"href":"https:\/\/sertaneja95fm.com.br\/sited\/wp-json\/wp\/v2\/posts\/8930\/revisions\/8947"}],"wp:featuredmedia":[{"embeddable":true,"href":"https:\/\/sertaneja95fm.com.br\/sited\/wp-json\/wp\/v2\/media\/8931"}],"wp:attachment":[{"href":"https:\/\/sertaneja95fm.com.br\/sited\/wp-json\/wp\/v2\/media?parent=8930"}],"wp:term":[{"taxonomy":"category","embeddable":true,"href":"https:\/\/sertaneja95fm.com.br\/sited\/wp-json\/wp\/v2\/categories?post=8930"},{"taxonomy":"post_tag","embeddable":true,"href":"https:\/\/sertaneja95fm.com.br\/sited\/wp-json\/wp\/v2\/tags?post=8930"}],"curies":[{"name":"wp","href":"https:\/\/api.w.org\/{rel}","templated":true}]}}