{"id":8933,"date":"2024-02-14T10:07:57","date_gmt":"2024-02-14T13:07:57","guid":{"rendered":"https:\/\/sertaneja95fm.com.br\/?p=8933"},"modified":"2024-02-14T10:07:58","modified_gmt":"2024-02-14T13:07:58","slug":"caern-comunica-suspensao-em-abastecimento-de-acari-e-reducao-em-currais-novos-veja-previsao-de-retorno","status":"publish","type":"post","link":"https:\/\/sertaneja95fm.com.br\/sited\/caern-comunica-suspensao-em-abastecimento-de-acari-e-reducao-em-currais-novos-veja-previsao-de-retorno\/","title":{"rendered":"CAERN COMUNICA SUSPENS\u00c3O EM ABASTECIMENTO DE ACARI E REDU\u00c7\u00c3O EM CURRAIS NOVOS; VEJA PREVIS\u00c3O DE RETORNO"},"content":{"rendered":"\n<p>Um problema na rede el\u00e9trica interna da subesta\u00e7\u00e3o do A\u00e7ude Gargalheiras afetou o fornecimento de \u00e1gua aos munic\u00edpios de Acari (fornecimento suspenso) e Currais Novos (abastecimento reduzido).De acordo com a Companhia de \u00c1guas e Esgotos do Rio Grande do Norte (Caern), a expectativa \u00e9 que o servi\u00e7o seja conclu\u00eddo no in\u00edcio da noite desta quarta-feira (14).A companhia afirma que a previs\u00e3o \u00e9 de normaliza\u00e7\u00e3o do abastecimento em at\u00e9 72h ap\u00f3s o sistema ser religado.<\/p>\n","protected":false},"excerpt":{"rendered":"<p>Um problema na rede el\u00e9trica interna da subesta\u00e7\u00e3o do A\u00e7ude Gargalheiras afetou o fornecimento de \u00e1gua aos munic\u00edpios de Acari (fornecimento suspenso) e Currais Novos (abastecimento reduzido).De acordo com a Companhia de \u00c1guas e Esgotos do Rio Grande do Norte (Caern), a expectativa \u00e9 que o servi\u00e7o seja conclu\u00eddo no in\u00edcio da noite desta quarta-feira [&hellip;]<\/p>\n","protected":false},"author":2,"featured_media":8934,"comment_status":"open","ping_status":"open","sticky":false,"template":"","format":"standard","meta":{"footnotes":""},"categories":[9,3,4,5,6,7,8],"tags":[],"class_list":["post-8933","post","type-post","status-publish","format-standard","has-post-thumbnail","hentry","category-9","category-destaque","category-locais","category-noticias","category-podcasts","category-sem-categoria","category-ultimas"],"aioseo_notices":[],"_links":{"self":[{"href":"https:\/\/sertaneja95fm.com.br\/sited\/wp-json\/wp\/v2\/posts\/8933","targetHints":{"allow":["GET"]}}],"collection":[{"href":"https:\/\/sertaneja95fm.com.br\/sited\/wp-json\/wp\/v2\/posts"}],"about":[{"href":"https:\/\/sertaneja95fm.com.br\/sited\/wp-json\/wp\/v2\/types\/post"}],"author":[{"embeddable":true,"href":"https:\/\/sertaneja95fm.com.br\/sited\/wp-json\/wp\/v2\/users\/2"}],"replies":[{"embeddable":true,"href":"https:\/\/sertaneja95fm.com.br\/sited\/wp-json\/wp\/v2\/comments?post=8933"}],"version-history":[{"count":1,"href":"https:\/\/sertaneja95fm.com.br\/sited\/wp-json\/wp\/v2\/posts\/8933\/revisions"}],"predecessor-version":[{"id":8935,"href":"https:\/\/sertaneja95fm.com.br\/sited\/wp-json\/wp\/v2\/posts\/8933\/revisions\/8935"}],"wp:featuredmedia":[{"embeddable":true,"href":"https:\/\/sertaneja95fm.com.br\/sited\/wp-json\/wp\/v2\/media\/8934"}],"wp:attachment":[{"href":"https:\/\/sertaneja95fm.com.br\/sited\/wp-json\/wp\/v2\/media?parent=8933"}],"wp:term":[{"taxonomy":"category","embeddable":true,"href":"https:\/\/sertaneja95fm.com.br\/sited\/wp-json\/wp\/v2\/categories?post=8933"},{"taxonomy":"post_tag","embeddable":true,"href":"https:\/\/sertaneja95fm.com.br\/sited\/wp-json\/wp\/v2\/tags?post=8933"}],"curies":[{"name":"wp","href":"https:\/\/api.w.org\/{rel}","templated":true}]}}