{"id":8948,"date":"2024-02-16T14:52:49","date_gmt":"2024-02-16T17:52:49","guid":{"rendered":"https:\/\/sertaneja95fm.com.br\/?p=8948"},"modified":"2024-02-16T14:52:49","modified_gmt":"2024-02-16T17:52:49","slug":"esperanca-acude-dourado-sobe-nivel-de-agua-em-mais-24-cm-apos-novas-chuvas","status":"publish","type":"post","link":"https:\/\/sertaneja95fm.com.br\/sited\/esperanca-acude-dourado-sobe-nivel-de-agua-em-mais-24-cm-apos-novas-chuvas\/","title":{"rendered":"ESPERAN\u00c7A: A\u00c7UDE DOURADO  SOBE N\u00cdVEL DE \u00c1GUA EM MAIS 24 CM AP\u00d3S NOVAS CHUVAS"},"content":{"rendered":"\n<p>Ap\u00f3s novas chuvas nesta quinta-feira (15), o A\u00e7ude Dourado voltou a ter um crescimento no seu volume de \u00e1gua. De acordo com informa\u00e7\u00f5es do observador do Igarn, Judson Pereira, o n\u00edvel do reservat\u00f3rio est\u00e1 24 cent\u00edmetros maior no comparativo com o dia anterior.<\/p>\n\n\n\n<p>A observa\u00e7\u00e3o \u00e9 feita sempre nas primeiras horas da manh\u00e3 e os dados s\u00e3o enviados ao \u00f3rg\u00e3o, que faz a gest\u00e3o dos principais mananciais do Rio Grande do Norte.<\/p>\n\n\n\n<p>Este \u00e9 o segundo dia consecutivo que o reservat\u00f3rio apresenta crescimento em seu volume de \u00e1gua. A informa\u00e7\u00e3o \u00e9 que o A\u00e7ude Dourado segue tomando \u00e1gua, devido a sangria de alguns reservat\u00f3rios ap\u00f3s as chuvas dos \u00faltimos dias<\/p>\n\n\n\n<p><\/p>\n\n\n\n<p><\/p>\n","protected":false},"excerpt":{"rendered":"<p>Ap\u00f3s novas chuvas nesta quinta-feira (15), o A\u00e7ude Dourado voltou a ter um crescimento no seu volume de \u00e1gua. De acordo com informa\u00e7\u00f5es do observador do Igarn, Judson Pereira, o n\u00edvel do reservat\u00f3rio est\u00e1 24 cent\u00edmetros maior no comparativo com o dia anterior. A observa\u00e7\u00e3o \u00e9 feita sempre nas primeiras horas da manh\u00e3 e os [&hellip;]<\/p>\n","protected":false},"author":2,"featured_media":8950,"comment_status":"open","ping_status":"open","sticky":false,"template":"","format":"standard","meta":{"footnotes":""},"categories":[9,3,4,5,6,7,8],"tags":[],"class_list":["post-8948","post","type-post","status-publish","format-standard","has-post-thumbnail","hentry","category-9","category-destaque","category-locais","category-noticias","category-podcasts","category-sem-categoria","category-ultimas"],"aioseo_notices":[],"_links":{"self":[{"href":"https:\/\/sertaneja95fm.com.br\/sited\/wp-json\/wp\/v2\/posts\/8948","targetHints":{"allow":["GET"]}}],"collection":[{"href":"https:\/\/sertaneja95fm.com.br\/sited\/wp-json\/wp\/v2\/posts"}],"about":[{"href":"https:\/\/sertaneja95fm.com.br\/sited\/wp-json\/wp\/v2\/types\/post"}],"author":[{"embeddable":true,"href":"https:\/\/sertaneja95fm.com.br\/sited\/wp-json\/wp\/v2\/users\/2"}],"replies":[{"embeddable":true,"href":"https:\/\/sertaneja95fm.com.br\/sited\/wp-json\/wp\/v2\/comments?post=8948"}],"version-history":[{"count":1,"href":"https:\/\/sertaneja95fm.com.br\/sited\/wp-json\/wp\/v2\/posts\/8948\/revisions"}],"predecessor-version":[{"id":8951,"href":"https:\/\/sertaneja95fm.com.br\/sited\/wp-json\/wp\/v2\/posts\/8948\/revisions\/8951"}],"wp:featuredmedia":[{"embeddable":true,"href":"https:\/\/sertaneja95fm.com.br\/sited\/wp-json\/wp\/v2\/media\/8950"}],"wp:attachment":[{"href":"https:\/\/sertaneja95fm.com.br\/sited\/wp-json\/wp\/v2\/media?parent=8948"}],"wp:term":[{"taxonomy":"category","embeddable":true,"href":"https:\/\/sertaneja95fm.com.br\/sited\/wp-json\/wp\/v2\/categories?post=8948"},{"taxonomy":"post_tag","embeddable":true,"href":"https:\/\/sertaneja95fm.com.br\/sited\/wp-json\/wp\/v2\/tags?post=8948"}],"curies":[{"name":"wp","href":"https:\/\/api.w.org\/{rel}","templated":true}]}}