{"id":8952,"date":"2024-02-16T14:55:10","date_gmt":"2024-02-16T17:55:10","guid":{"rendered":"https:\/\/sertaneja95fm.com.br\/?p=8952"},"modified":"2024-02-16T14:55:10","modified_gmt":"2024-02-16T17:55:10","slug":"acude-mae-dagua-em-campo-redondo-sangra-apos-chuva-de-210-milimetros","status":"publish","type":"post","link":"https:\/\/sertaneja95fm.com.br\/sited\/acude-mae-dagua-em-campo-redondo-sangra-apos-chuva-de-210-milimetros\/","title":{"rendered":"A\u00c7UDE M\u00c3E D\u2019\u00c1GUA, EM CAMPO REDONDO, SANGRA AP\u00d3S CHUVA DE 210 MIL\u00cdMETROS"},"content":{"rendered":"\n<p><\/p>\n\n\n\n<p>Ap\u00f3s as fortes chuvas que ca\u00edram nas \u00faltima horas em Campo Redondo-RN (nessa quarta-feira 14\/02), o maior reservat\u00f3rio do munic\u00edpio, o a\u00e7ude M\u00e3e D\u2019\u00e1gua, amanheceu transbordando (sangrando). A informa\u00e7\u00e3o foi confirmada ainda na madrugada pelo vigilante noturno, Almir.<\/p>\n\n\n\n<p>As chuvas que ca\u00edram nas cabeceiras dos principais rios que des\u00e1guam no a\u00e7ude ficaram acima dos 100 mm.<\/p>\n\n\n\n<p>A chuva mais forte foi registrada no s\u00edtio Baldo, que fica a 10 km da cidade, onde foi registrado 210 mm. Esse \u00e9 o terceiro ano seguido que o a\u00e7ude M\u00e3e d\u2019\u00e1gua transborda, fato que n\u00e3o acontecia h\u00e1 muitos anos.<\/p>\n\n\n\n<p>Jair Sampaio<\/p>\n","protected":false},"excerpt":{"rendered":"<p>Ap\u00f3s as fortes chuvas que ca\u00edram nas \u00faltima horas em Campo Redondo-RN (nessa quarta-feira 14\/02), o maior reservat\u00f3rio do munic\u00edpio, o a\u00e7ude M\u00e3e D\u2019\u00e1gua, amanheceu transbordando (sangrando). A informa\u00e7\u00e3o foi confirmada ainda na madrugada pelo vigilante noturno, Almir. As chuvas que ca\u00edram nas cabeceiras dos principais rios que des\u00e1guam no a\u00e7ude ficaram acima dos 100 [&hellip;]<\/p>\n","protected":false},"author":2,"featured_media":8953,"comment_status":"open","ping_status":"open","sticky":false,"template":"","format":"standard","meta":{"footnotes":""},"categories":[9,3,4,5,6,7,8],"tags":[],"class_list":["post-8952","post","type-post","status-publish","format-standard","has-post-thumbnail","hentry","category-9","category-destaque","category-locais","category-noticias","category-podcasts","category-sem-categoria","category-ultimas"],"aioseo_notices":[],"_links":{"self":[{"href":"https:\/\/sertaneja95fm.com.br\/sited\/wp-json\/wp\/v2\/posts\/8952","targetHints":{"allow":["GET"]}}],"collection":[{"href":"https:\/\/sertaneja95fm.com.br\/sited\/wp-json\/wp\/v2\/posts"}],"about":[{"href":"https:\/\/sertaneja95fm.com.br\/sited\/wp-json\/wp\/v2\/types\/post"}],"author":[{"embeddable":true,"href":"https:\/\/sertaneja95fm.com.br\/sited\/wp-json\/wp\/v2\/users\/2"}],"replies":[{"embeddable":true,"href":"https:\/\/sertaneja95fm.com.br\/sited\/wp-json\/wp\/v2\/comments?post=8952"}],"version-history":[{"count":1,"href":"https:\/\/sertaneja95fm.com.br\/sited\/wp-json\/wp\/v2\/posts\/8952\/revisions"}],"predecessor-version":[{"id":8954,"href":"https:\/\/sertaneja95fm.com.br\/sited\/wp-json\/wp\/v2\/posts\/8952\/revisions\/8954"}],"wp:featuredmedia":[{"embeddable":true,"href":"https:\/\/sertaneja95fm.com.br\/sited\/wp-json\/wp\/v2\/media\/8953"}],"wp:attachment":[{"href":"https:\/\/sertaneja95fm.com.br\/sited\/wp-json\/wp\/v2\/media?parent=8952"}],"wp:term":[{"taxonomy":"category","embeddable":true,"href":"https:\/\/sertaneja95fm.com.br\/sited\/wp-json\/wp\/v2\/categories?post=8952"},{"taxonomy":"post_tag","embeddable":true,"href":"https:\/\/sertaneja95fm.com.br\/sited\/wp-json\/wp\/v2\/tags?post=8952"}],"curies":[{"name":"wp","href":"https:\/\/api.w.org\/{rel}","templated":true}]}}