{"id":8956,"date":"2024-02-16T15:08:22","date_gmt":"2024-02-16T18:08:22","guid":{"rendered":"https:\/\/sertaneja95fm.com.br\/?p=8956"},"modified":"2024-02-16T15:08:22","modified_gmt":"2024-02-16T18:08:22","slug":"vacinas-contra-dengue-rio-grande-do-norte-comeca-distribuicao-de-29-mil-doses","status":"publish","type":"post","link":"https:\/\/sertaneja95fm.com.br\/sited\/vacinas-contra-dengue-rio-grande-do-norte-comeca-distribuicao-de-29-mil-doses\/","title":{"rendered":"VACINAS CONTRA DENGUE: RIO GRANDE DO NORTE COME\u00c7A DISTRIBUI\u00c7\u00c3O DE 29 MIL DOSES"},"content":{"rendered":"\n<p><\/p>\n\n\n\n<p>O Rio Grande do Norte deu in\u00edcio nesta quinta-feira, 15, \u00e0 distribui\u00e7\u00e3o das 29.800 doses da vacina contra a&nbsp;<a href=\"https:\/\/agorarn.com.br\/ultimas\/ministerio-saude-destina-15-bilhao-dengue\/\">dengue<\/a>. Os imunizantes ser\u00e3o encaminhados para 19 munic\u00edpios considerados priorit\u00e1rios, incluindo Natal, Parnamirim, Extremoz, Maca\u00edba, Mossor\u00f3 e S\u00e3o Gon\u00e7alo do Amarante, entre outros.<\/p>\n\n\n\n<p>O lote inicial de&nbsp;<a href=\"https:\/\/agorarn.com.br\/ultimas\/brasil-ultrapassa-meio-milhao-de-casos-provaveis-de-dengue\/\">vacinas<\/a>, totalizando 712 mil doses, foi enviado para Distrito Federal, Goi\u00e1s, Bahia, Acre, Para\u00edba, Mato Grosso do Sul, Amazonas, S\u00e3o Paulo e Maranh\u00e3o, al\u00e9m do Rio Grande do Norte.<\/p>\n\n\n\n<p>Segundo a nota t\u00e9cnica do Minist\u00e9rio da Sa\u00fade, o RN iniciar\u00e1 a imuniza\u00e7\u00e3o pelas crian\u00e7as de 10 a 11 anos e expandir\u00e1 gradualmente para faixas et\u00e1rias mais elevadas, conforme novos lotes forem entregues pelo fabricante.<\/p>\n\n\n\n<p>O p\u00fablico-alvo da vacina\u00e7\u00e3o, composto por indiv\u00edduos de 10 a 14 anos, foi determinado em consenso pelos conselhos representativos dos secret\u00e1rios de sa\u00fade estaduais e municipais, em conformidade com as recomenda\u00e7\u00f5es da C\u00e2mara T\u00e9cnica de Assessoramento em Imuniza\u00e7\u00e3o (CTAI) e da Organiza\u00e7\u00e3o Mundial da Sa\u00fade (OMS).<\/p>\n\n\n\n<p><\/p>\n","protected":false},"excerpt":{"rendered":"<p>O Rio Grande do Norte deu in\u00edcio nesta quinta-feira, 15, \u00e0 distribui\u00e7\u00e3o das 29.800 doses da vacina contra a&nbsp;dengue. Os imunizantes ser\u00e3o encaminhados para 19 munic\u00edpios considerados priorit\u00e1rios, incluindo Natal, Parnamirim, Extremoz, Maca\u00edba, Mossor\u00f3 e S\u00e3o Gon\u00e7alo do Amarante, entre outros. O lote inicial de&nbsp;vacinas, totalizando 712 mil doses, foi enviado para Distrito Federal, Goi\u00e1s, [&hellip;]<\/p>\n","protected":false},"author":2,"featured_media":8957,"comment_status":"open","ping_status":"open","sticky":false,"template":"","format":"standard","meta":{"footnotes":""},"categories":[9,3,4,5,6,7,8],"tags":[],"class_list":["post-8956","post","type-post","status-publish","format-standard","has-post-thumbnail","hentry","category-9","category-destaque","category-locais","category-noticias","category-podcasts","category-sem-categoria","category-ultimas"],"aioseo_notices":[],"_links":{"self":[{"href":"https:\/\/sertaneja95fm.com.br\/sited\/wp-json\/wp\/v2\/posts\/8956","targetHints":{"allow":["GET"]}}],"collection":[{"href":"https:\/\/sertaneja95fm.com.br\/sited\/wp-json\/wp\/v2\/posts"}],"about":[{"href":"https:\/\/sertaneja95fm.com.br\/sited\/wp-json\/wp\/v2\/types\/post"}],"author":[{"embeddable":true,"href":"https:\/\/sertaneja95fm.com.br\/sited\/wp-json\/wp\/v2\/users\/2"}],"replies":[{"embeddable":true,"href":"https:\/\/sertaneja95fm.com.br\/sited\/wp-json\/wp\/v2\/comments?post=8956"}],"version-history":[{"count":1,"href":"https:\/\/sertaneja95fm.com.br\/sited\/wp-json\/wp\/v2\/posts\/8956\/revisions"}],"predecessor-version":[{"id":8958,"href":"https:\/\/sertaneja95fm.com.br\/sited\/wp-json\/wp\/v2\/posts\/8956\/revisions\/8958"}],"wp:featuredmedia":[{"embeddable":true,"href":"https:\/\/sertaneja95fm.com.br\/sited\/wp-json\/wp\/v2\/media\/8957"}],"wp:attachment":[{"href":"https:\/\/sertaneja95fm.com.br\/sited\/wp-json\/wp\/v2\/media?parent=8956"}],"wp:term":[{"taxonomy":"category","embeddable":true,"href":"https:\/\/sertaneja95fm.com.br\/sited\/wp-json\/wp\/v2\/categories?post=8956"},{"taxonomy":"post_tag","embeddable":true,"href":"https:\/\/sertaneja95fm.com.br\/sited\/wp-json\/wp\/v2\/tags?post=8956"}],"curies":[{"name":"wp","href":"https:\/\/api.w.org\/{rel}","templated":true}]}}