{"id":8975,"date":"2024-02-22T15:40:41","date_gmt":"2024-02-22T18:40:41","guid":{"rendered":"https:\/\/sertaneja95fm.com.br\/?p=8975"},"modified":"2024-02-22T15:40:42","modified_gmt":"2024-02-22T18:40:42","slug":"acude-dourado-ja-da-pra-abastecer-currais-novos-por-mais-sete-meses-no-atual-cenario","status":"publish","type":"post","link":"https:\/\/sertaneja95fm.com.br\/sited\/acude-dourado-ja-da-pra-abastecer-currais-novos-por-mais-sete-meses-no-atual-cenario\/","title":{"rendered":"A\u00c7UDE DOURADO JA DA PRA ABASTECER CURRAIS NOVOS POR MAIS SETE MESES NO ATUAL CEN\u00c1RIO"},"content":{"rendered":"\n<p>O A\u00e7ude Dourado chegou a 13% de sua capacidade total. Segundo a Companhia de \u00c1guas e Esgotos do Rio Grande do Norte (Caern), o manancial atingiu autonomia para abastecer Currais Novos para os pr\u00f3ximos sete meses.<\/p>\n\n\n\n<p>A informa\u00e7\u00e3o foi confirmada pelo gerente regional da Caern no Serid\u00f3, Adelson Santos em entrevista ao jornal 95 na manh\u00e3 de hoje.  Ele detalhou qual a atual situa\u00e7\u00e3o do manancial, que j\u00e1 tomou mais de 3 metros de \u00e1gua desde as primeiras chuvas na \u00faltima semana. \u00c8 importante ressaltar que a duas semanas atr\u00e1s o manancial tinha \u00e1gua para apenas dez dias.<\/p>\n","protected":false},"excerpt":{"rendered":"<p>O A\u00e7ude Dourado chegou a 13% de sua capacidade total. Segundo a Companhia de \u00c1guas e Esgotos do Rio Grande do Norte (Caern), o manancial atingiu autonomia para abastecer Currais Novos para os pr\u00f3ximos sete meses. A informa\u00e7\u00e3o foi confirmada pelo gerente regional da Caern no Serid\u00f3, Adelson Santos em entrevista ao jornal 95 na [&hellip;]<\/p>\n","protected":false},"author":2,"featured_media":8976,"comment_status":"open","ping_status":"open","sticky":false,"template":"","format":"standard","meta":{"footnotes":""},"categories":[3,4,5,6,7,8],"tags":[],"class_list":["post-8975","post","type-post","status-publish","format-standard","has-post-thumbnail","hentry","category-destaque","category-locais","category-noticias","category-podcasts","category-sem-categoria","category-ultimas"],"aioseo_notices":[],"_links":{"self":[{"href":"https:\/\/sertaneja95fm.com.br\/sited\/wp-json\/wp\/v2\/posts\/8975","targetHints":{"allow":["GET"]}}],"collection":[{"href":"https:\/\/sertaneja95fm.com.br\/sited\/wp-json\/wp\/v2\/posts"}],"about":[{"href":"https:\/\/sertaneja95fm.com.br\/sited\/wp-json\/wp\/v2\/types\/post"}],"author":[{"embeddable":true,"href":"https:\/\/sertaneja95fm.com.br\/sited\/wp-json\/wp\/v2\/users\/2"}],"replies":[{"embeddable":true,"href":"https:\/\/sertaneja95fm.com.br\/sited\/wp-json\/wp\/v2\/comments?post=8975"}],"version-history":[{"count":1,"href":"https:\/\/sertaneja95fm.com.br\/sited\/wp-json\/wp\/v2\/posts\/8975\/revisions"}],"predecessor-version":[{"id":8977,"href":"https:\/\/sertaneja95fm.com.br\/sited\/wp-json\/wp\/v2\/posts\/8975\/revisions\/8977"}],"wp:featuredmedia":[{"embeddable":true,"href":"https:\/\/sertaneja95fm.com.br\/sited\/wp-json\/wp\/v2\/media\/8976"}],"wp:attachment":[{"href":"https:\/\/sertaneja95fm.com.br\/sited\/wp-json\/wp\/v2\/media?parent=8975"}],"wp:term":[{"taxonomy":"category","embeddable":true,"href":"https:\/\/sertaneja95fm.com.br\/sited\/wp-json\/wp\/v2\/categories?post=8975"},{"taxonomy":"post_tag","embeddable":true,"href":"https:\/\/sertaneja95fm.com.br\/sited\/wp-json\/wp\/v2\/tags?post=8975"}],"curies":[{"name":"wp","href":"https:\/\/api.w.org\/{rel}","templated":true}]}}