{"id":8978,"date":"2024-02-22T15:45:50","date_gmt":"2024-02-22T18:45:50","guid":{"rendered":"https:\/\/sertaneja95fm.com.br\/?p=8978"},"modified":"2024-02-22T15:45:51","modified_gmt":"2024-02-22T18:45:51","slug":"caixa-anuncia-concurso-publico-com-mais-de-4-mil-vagas-no-pais-e-salarios-de-ate-r-14-mil","status":"publish","type":"post","link":"https:\/\/sertaneja95fm.com.br\/sited\/caixa-anuncia-concurso-publico-com-mais-de-4-mil-vagas-no-pais-e-salarios-de-ate-r-14-mil\/","title":{"rendered":"CAIXA ANUNCIA CONCURSO P\u00daBLICO COM MAIS DE 4 MIL VAGAS NO PA\u00cdS E SAL\u00c1RIOS DE AT\u00c9 R$ 14 MIL"},"content":{"rendered":"\n<p>A Caixa Econ\u00f4mica Federal vai abrir concurso p\u00fablico com oferta de 4 mil vagas. O presidente do banco, Carlos Vieira, esteve, nesta quarta-feira (21), com o presidente Luiz In\u00e1cio Lula da Silva para apresentar o edital, que ser\u00e1 divulgado nesta quinta-feira (22).<\/p>\n\n\n\n<p>Do total de vagas, 2 mil ser\u00e3o para t\u00e9cnicos banc\u00e1rios e a outra metade para t\u00e9cnicos da \u00e1rea de tecnologia. Todas exigem n\u00edvel m\u00e9dio. O sal\u00e1rio inicial \u00e9 de R$ 3.762.<\/p>\n\n\n\n<p>Est\u00e3o previstas 50 vagas de n\u00edvel superior, sendo 28 para m\u00e9dico do trabalho e 22 para engenheiros de seguran\u00e7a do trabalho. A remunera\u00e7\u00e3o inicial \u00e9 de R$ 11.186 e R$ 14.915 respectivamente.<\/p>\n\n\n\n<p>O banco ir\u00e1 destinar 6% das vagas para pessoas com defici\u00eancia.<\/p>\n\n\n\n<p>Carlos Vieira disse que a ideia \u00e9 refor\u00e7ar o atendimento da Caixa em todo pa\u00eds.<\/p>\n\n\n\n<p>\u201cN\u00f3s vamos contemplar em fun\u00e7\u00e3o das necessidades regionais. Em algumas regi\u00f5es precisam mais, outras menos. N\u00f3s tamb\u00e9m vamos estimular com esse concurso que ele ocupe uma parte do territ\u00f3rio que \u00e9 desassistido por bancos. Estamos com uma estrat\u00e9gia voltada a um est\u00edmulo de constru\u00e7\u00e3o e inaugura\u00e7\u00e3o de unidades da Caixa em \u00e1reas que s\u00e3o poucas assistidas do ponto de vista banc\u00e1rio\u201d, disse Vieira.<\/p>\n\n\n\n<p>O presidente Lula comentou nas redes sociais que o concurso \u00e9 uma grande oportunidade de fortalecimento do servi\u00e7o p\u00fablico federal.<\/p>\n\n\n\n<p>As provas ser\u00e3o aplicadas pela Cesgranrio no primeiro semestre deste ano, com quest\u00f5es objetivas e reda\u00e7\u00e3o. Os aprovados devem ser convocados a partir de agosto de 2024.<\/p>\n\n\n\n<p>Os funcion\u00e1rios do banco t\u00eam direito \u00e0 assist\u00eancia \u00e0 sa\u00fade, previd\u00eancia complementar, participa\u00e7\u00e3o nos lucros e resultados, aux\u00edlios alimenta\u00e7\u00e3o, refei\u00e7\u00e3o e creche e vale transporte, al\u00e9m de cursos de capacita\u00e7\u00e3o.<\/p>\n\n\n\n<p>O concurso ter\u00e1 validade de um ano, prorrog\u00e1vel por igual per\u00edodo, a crit\u00e9rio da Caixa.<\/p>\n\n\n\n<p><em>Ag\u00eancia Brasil<\/em><\/p>\n\n\n\n<p><\/p>\n","protected":false},"excerpt":{"rendered":"<p>A Caixa Econ\u00f4mica Federal vai abrir concurso p\u00fablico com oferta de 4 mil vagas. O presidente do banco, Carlos Vieira, esteve, nesta quarta-feira (21), com o presidente Luiz In\u00e1cio Lula da Silva para apresentar o edital, que ser\u00e1 divulgado nesta quinta-feira (22). Do total de vagas, 2 mil ser\u00e3o para t\u00e9cnicos banc\u00e1rios e a outra [&hellip;]<\/p>\n","protected":false},"author":2,"featured_media":8980,"comment_status":"open","ping_status":"open","sticky":false,"template":"","format":"standard","meta":{"footnotes":""},"categories":[9,3,4,5,6,7,8],"tags":[],"class_list":["post-8978","post","type-post","status-publish","format-standard","has-post-thumbnail","hentry","category-9","category-destaque","category-locais","category-noticias","category-podcasts","category-sem-categoria","category-ultimas"],"aioseo_notices":[],"_links":{"self":[{"href":"https:\/\/sertaneja95fm.com.br\/sited\/wp-json\/wp\/v2\/posts\/8978","targetHints":{"allow":["GET"]}}],"collection":[{"href":"https:\/\/sertaneja95fm.com.br\/sited\/wp-json\/wp\/v2\/posts"}],"about":[{"href":"https:\/\/sertaneja95fm.com.br\/sited\/wp-json\/wp\/v2\/types\/post"}],"author":[{"embeddable":true,"href":"https:\/\/sertaneja95fm.com.br\/sited\/wp-json\/wp\/v2\/users\/2"}],"replies":[{"embeddable":true,"href":"https:\/\/sertaneja95fm.com.br\/sited\/wp-json\/wp\/v2\/comments?post=8978"}],"version-history":[{"count":1,"href":"https:\/\/sertaneja95fm.com.br\/sited\/wp-json\/wp\/v2\/posts\/8978\/revisions"}],"predecessor-version":[{"id":8981,"href":"https:\/\/sertaneja95fm.com.br\/sited\/wp-json\/wp\/v2\/posts\/8978\/revisions\/8981"}],"wp:featuredmedia":[{"embeddable":true,"href":"https:\/\/sertaneja95fm.com.br\/sited\/wp-json\/wp\/v2\/media\/8980"}],"wp:attachment":[{"href":"https:\/\/sertaneja95fm.com.br\/sited\/wp-json\/wp\/v2\/media?parent=8978"}],"wp:term":[{"taxonomy":"category","embeddable":true,"href":"https:\/\/sertaneja95fm.com.br\/sited\/wp-json\/wp\/v2\/categories?post=8978"},{"taxonomy":"post_tag","embeddable":true,"href":"https:\/\/sertaneja95fm.com.br\/sited\/wp-json\/wp\/v2\/tags?post=8978"}],"curies":[{"name":"wp","href":"https:\/\/api.w.org\/{rel}","templated":true}]}}