{"id":8989,"date":"2024-02-26T13:21:30","date_gmt":"2024-02-26T16:21:30","guid":{"rendered":"https:\/\/sertaneja95fm.com.br\/?p=8989"},"modified":"2024-02-26T13:21:31","modified_gmt":"2024-02-26T16:21:31","slug":"tragedia-acidente-envolvendo-quatro-veiculos-na-br-226-ocasionou-2-vitimas-fatais","status":"publish","type":"post","link":"https:\/\/sertaneja95fm.com.br\/sited\/tragedia-acidente-envolvendo-quatro-veiculos-na-br-226-ocasionou-2-vitimas-fatais\/","title":{"rendered":"TRAG\u00c9DIA &#8211; ACIDENTE ENVOLVENDO QUATRO VE\u00cdCULOS NA BR 226 OCASIONOU 2\u00a0V\u00cdTIMAS\u00a0FATAIS."},"content":{"rendered":"\n<p>o acidente aconteceu na BR 226 pr\u00f3ximo ao povoado S\u00e3o Lu\u00eds <\/p>\n\n\n\n<p>Na manh\u00e3 desta segunda-feira (26), um grave acidente envolvendo quatro ve\u00edculos resultou na morte de duas pessoas na BR-226, no trecho que liga os munic\u00edpios de Currais Novos a Campo Redondo.<\/p>\n\n\n\n<p>As v\u00edtimas, que estavam em um carro modelo Uno, faleceram no local. A identidade dos falecidos n\u00e3o foi divulgada pelas autoridades. \u00c9 sabido que o ve\u00edculo pertencia a uma empresa que presta servi\u00e7os na \u00e1rea de explora\u00e7\u00e3o de energia e\u00f3lica na regi\u00e3o.<\/p>\n\n\n\n<p>Al\u00e9m do Uno, estiveram envolvidos no acidente dois outros carros de passeio e um micro-\u00f4nibus, que realiza viagens di\u00e1rias entre Currais Novos e Natal.<\/p>\n\n\n\n<p>Um homem ferido no acidente foi prontamente socorrido e encaminhado ao Hospital Mariano Coelho, onde foi levado diretamente para o centro cir\u00fargico. Todos os passageiros do micro-\u00f4nibus\u00a0sa\u00edram\u00a0ilesos<\/p>\n\n\n\n<p><\/p>\n\n\n\n<p>Fotos: Reprodu\u00e7\u00e3o .<\/p>\n\n\n\n<figure class=\"wp-block-image size-large\"><img loading=\"lazy\" decoding=\"async\" width=\"604\" height=\"1024\" src=\"https:\/\/sertaneja95fm.com.br\/sited\/wp-content\/uploads\/2024\/02\/acidente-04-1-2-604x1024.jpg\" alt=\"\" class=\"wp-image-8994\" srcset=\"https:\/\/sertaneja95fm.com.br\/sited\/wp-content\/uploads\/2024\/02\/acidente-04-1-2-604x1024.jpg 604w, https:\/\/sertaneja95fm.com.br\/sited\/wp-content\/uploads\/2024\/02\/acidente-04-1-2-177x300.jpg 177w, https:\/\/sertaneja95fm.com.br\/sited\/wp-content\/uploads\/2024\/02\/acidente-04-1-2.jpg 755w\" sizes=\"auto, (max-width: 604px) 100vw, 604px\" \/><\/figure>\n\n\n\n<figure class=\"wp-block-image size-large\"><img loading=\"lazy\" decoding=\"async\" width=\"813\" height=\"1024\" src=\"https:\/\/sertaneja95fm.com.br\/sited\/wp-content\/uploads\/2024\/02\/acidente-05-813x1024.jpg\" alt=\"\" class=\"wp-image-8993\" srcset=\"https:\/\/sertaneja95fm.com.br\/sited\/wp-content\/uploads\/2024\/02\/acidente-05-813x1024.jpg 813w, https:\/\/sertaneja95fm.com.br\/sited\/wp-content\/uploads\/2024\/02\/acidente-05-238x300.jpg 238w, https:\/\/sertaneja95fm.com.br\/sited\/wp-content\/uploads\/2024\/02\/acidente-05-768x968.jpg 768w, https:\/\/sertaneja95fm.com.br\/sited\/wp-content\/uploads\/2024\/02\/acidente-05.jpg 1016w\" sizes=\"auto, (max-width: 813px) 100vw, 813px\" \/><\/figure>\n","protected":false},"excerpt":{"rendered":"<p>o acidente aconteceu na BR 226 pr\u00f3ximo ao povoado S\u00e3o Lu\u00eds Na manh\u00e3 desta segunda-feira (26), um grave acidente envolvendo quatro ve\u00edculos resultou na morte de duas pessoas na BR-226, no trecho que liga os munic\u00edpios de Currais Novos a Campo Redondo. As v\u00edtimas, que estavam em um carro modelo Uno, faleceram no local. A [&hellip;]<\/p>\n","protected":false},"author":2,"featured_media":8990,"comment_status":"open","ping_status":"open","sticky":false,"template":"","format":"standard","meta":{"footnotes":""},"categories":[9,3,4,5,6,7,8],"tags":[],"class_list":["post-8989","post","type-post","status-publish","format-standard","has-post-thumbnail","hentry","category-9","category-destaque","category-locais","category-noticias","category-podcasts","category-sem-categoria","category-ultimas"],"aioseo_notices":[],"_links":{"self":[{"href":"https:\/\/sertaneja95fm.com.br\/sited\/wp-json\/wp\/v2\/posts\/8989","targetHints":{"allow":["GET"]}}],"collection":[{"href":"https:\/\/sertaneja95fm.com.br\/sited\/wp-json\/wp\/v2\/posts"}],"about":[{"href":"https:\/\/sertaneja95fm.com.br\/sited\/wp-json\/wp\/v2\/types\/post"}],"author":[{"embeddable":true,"href":"https:\/\/sertaneja95fm.com.br\/sited\/wp-json\/wp\/v2\/users\/2"}],"replies":[{"embeddable":true,"href":"https:\/\/sertaneja95fm.com.br\/sited\/wp-json\/wp\/v2\/comments?post=8989"}],"version-history":[{"count":1,"href":"https:\/\/sertaneja95fm.com.br\/sited\/wp-json\/wp\/v2\/posts\/8989\/revisions"}],"predecessor-version":[{"id":8995,"href":"https:\/\/sertaneja95fm.com.br\/sited\/wp-json\/wp\/v2\/posts\/8989\/revisions\/8995"}],"wp:featuredmedia":[{"embeddable":true,"href":"https:\/\/sertaneja95fm.com.br\/sited\/wp-json\/wp\/v2\/media\/8990"}],"wp:attachment":[{"href":"https:\/\/sertaneja95fm.com.br\/sited\/wp-json\/wp\/v2\/media?parent=8989"}],"wp:term":[{"taxonomy":"category","embeddable":true,"href":"https:\/\/sertaneja95fm.com.br\/sited\/wp-json\/wp\/v2\/categories?post=8989"},{"taxonomy":"post_tag","embeddable":true,"href":"https:\/\/sertaneja95fm.com.br\/sited\/wp-json\/wp\/v2\/tags?post=8989"}],"curies":[{"name":"wp","href":"https:\/\/api.w.org\/{rel}","templated":true}]}}