{"id":9004,"date":"2024-02-26T16:28:51","date_gmt":"2024-02-26T19:28:51","guid":{"rendered":"https:\/\/sertaneja95fm.com.br\/?p=9004"},"modified":"2024-02-26T16:30:12","modified_gmt":"2024-02-26T19:30:12","slug":"prefeitura-inaugura-centro-municipal-de-educacao-infantil-ir-ananilia","status":"publish","type":"post","link":"https:\/\/sertaneja95fm.com.br\/sited\/prefeitura-inaugura-centro-municipal-de-educacao-infantil-ir-ananilia\/","title":{"rendered":"PREFEITURA INAUGURA CENTRO MUNICIPAL DE EDUCA\u00c7\u00c3O INFANTIL \u201cIR. ANAN\u00cdLIA\u201d"},"content":{"rendered":"\n<p><\/p>\n\n\n\n<pre class=\"wp-block-code\"><code><\/code><\/pre>\n\n\n\n<p>Uma obra aguardada h\u00e1 muitos anos foi oficialmente inaugurada na manh\u00e3 desta segunda-feira (26) pela Prefeitura Municipal de Currais Novos: o Centro Municipal de Educa\u00e7\u00e3o Infantil \u2013 Creche Tipo B, localizada no bairro \u201cDr. Jos\u00e9 Bezerra de Ara\u00fajo\u201d. O primeiro CMEI de Currais Novos homenageia \u201cIr. Anan\u00edlia\u201d, religiosa que dedicou parte de sua vida \u00e0 caridade e \u00e0 servir aos mais humildes, principalmente crian\u00e7as e jovens. A solenidade de inaugura\u00e7\u00e3o contou com a presen\u00e7a do Prefeito Odon Jr, da Vice-Prefeita Ana Albuquerque, do secret\u00e1rio municipal de educa\u00e7\u00e3o, Joelmir Soares, do Secret\u00e1rio Municipal de Obras, Lucas Galv\u00e3o, do Presidente da C\u00e2mara, Ycleber Trajano, de Ir. Magna, representando a Congrega\u00e7\u00e3o \u201cFilhas do Amor Divino\u201d, e da professora Rita Sena, diretora da nova unidade escolar. Educadores, vereadores, equipe da \u201cCasa Ir. Anan\u00edlia\u201d, secret\u00e1rios municipais e comunidade, prestigiaram a inaugura\u00e7\u00e3o<\/p>\n\n\n\n<p>Para Rita Sena, a conclus\u00e3o da obra foi um sonho aguardado pela comunidade h\u00e1 muitos anos. \u201cN\u00f3s s\u00f3 temos que agradecer por este dia t\u00e3o especial\u201d, disse. Em nome das \u201cFilhas do Amor Divino\u201d, Ir. Magna ressaltou a import\u00e2ncia de Ir. Anan\u00edlia para a comunidade currais-novense. \u201cAgradecemos por esta homenagem t\u00e3o importante \u00e0 Ir. Anan\u00edlia que tanto trabalhou por esta cidade e pelos mais humildes\u201d, disse.<br>Iniciada em 2011, a obra do Centro Municipal de Educa\u00e7\u00e3o Infantil teve valor final de pouco mais de R$ 1 milh\u00e3o e 400 mil, e conta com cerca de 170 crian\u00e7as matriculadas, nas modalidades ber\u00e7\u00e1rio (a partir de 1 ano de idade), N\u00edvel II ao N\u00edvel V, e atender\u00e1 nos turnos matutino\u00a0e\u00a0vespertino.<\/p>\n\n\n\n<p><\/p>\n\n\n\n<p>ASSECOM<\/p>\n","protected":false},"excerpt":{"rendered":"<p>Uma obra aguardada h\u00e1 muitos anos foi oficialmente inaugurada na manh\u00e3 desta segunda-feira (26) pela Prefeitura Municipal de Currais Novos: o Centro Municipal de Educa\u00e7\u00e3o Infantil \u2013 Creche Tipo B, localizada no bairro \u201cDr. Jos\u00e9 Bezerra de Ara\u00fajo\u201d. O primeiro CMEI de Currais Novos homenageia \u201cIr. Anan\u00edlia\u201d, religiosa que dedicou parte de sua vida \u00e0 [&hellip;]<\/p>\n","protected":false},"author":2,"featured_media":9005,"comment_status":"open","ping_status":"open","sticky":false,"template":"","format":"standard","meta":{"footnotes":""},"categories":[9,3,4,5,6,7,8],"tags":[],"class_list":["post-9004","post","type-post","status-publish","format-standard","has-post-thumbnail","hentry","category-9","category-destaque","category-locais","category-noticias","category-podcasts","category-sem-categoria","category-ultimas"],"aioseo_notices":[],"_links":{"self":[{"href":"https:\/\/sertaneja95fm.com.br\/sited\/wp-json\/wp\/v2\/posts\/9004","targetHints":{"allow":["GET"]}}],"collection":[{"href":"https:\/\/sertaneja95fm.com.br\/sited\/wp-json\/wp\/v2\/posts"}],"about":[{"href":"https:\/\/sertaneja95fm.com.br\/sited\/wp-json\/wp\/v2\/types\/post"}],"author":[{"embeddable":true,"href":"https:\/\/sertaneja95fm.com.br\/sited\/wp-json\/wp\/v2\/users\/2"}],"replies":[{"embeddable":true,"href":"https:\/\/sertaneja95fm.com.br\/sited\/wp-json\/wp\/v2\/comments?post=9004"}],"version-history":[{"count":2,"href":"https:\/\/sertaneja95fm.com.br\/sited\/wp-json\/wp\/v2\/posts\/9004\/revisions"}],"predecessor-version":[{"id":9008,"href":"https:\/\/sertaneja95fm.com.br\/sited\/wp-json\/wp\/v2\/posts\/9004\/revisions\/9008"}],"wp:featuredmedia":[{"embeddable":true,"href":"https:\/\/sertaneja95fm.com.br\/sited\/wp-json\/wp\/v2\/media\/9005"}],"wp:attachment":[{"href":"https:\/\/sertaneja95fm.com.br\/sited\/wp-json\/wp\/v2\/media?parent=9004"}],"wp:term":[{"taxonomy":"category","embeddable":true,"href":"https:\/\/sertaneja95fm.com.br\/sited\/wp-json\/wp\/v2\/categories?post=9004"},{"taxonomy":"post_tag","embeddable":true,"href":"https:\/\/sertaneja95fm.com.br\/sited\/wp-json\/wp\/v2\/tags?post=9004"}],"curies":[{"name":"wp","href":"https:\/\/api.w.org\/{rel}","templated":true}]}}