{"id":9015,"date":"2024-02-27T16:31:53","date_gmt":"2024-02-27T19:31:53","guid":{"rendered":"https:\/\/sertaneja95fm.com.br\/?p=9015"},"modified":"2024-02-27T16:31:54","modified_gmt":"2024-02-27T19:31:54","slug":"faustao-passa-por-transplante-de-rim-em-sp","status":"publish","type":"post","link":"https:\/\/sertaneja95fm.com.br\/sited\/faustao-passa-por-transplante-de-rim-em-sp\/","title":{"rendered":"FAUST\u00c3O PASSA POR TRANSPLANTE DE\u00a0RIM\u00a0EM\u00a0SP"},"content":{"rendered":"\n<p>A cirurgia foi realizada na segunda-feira (26) e ocorreu sem intercorr\u00eancias, segundo o hospital.<\/p>\n\n\n\n<p><\/p>\n\n\n\n<p>\u201cO paciente Fausto Silva deu entrada no Hospital Israelita Albert Einstein no dia 25 de fevereiro para prepara\u00e7\u00e3o para um transplante de rim, em fun\u00e7\u00e3o do agravamento de uma doen\u00e7a renal cr\u00f4nica, ap\u00f3s o Einstein ter sido acionado pela Central de Transplantes do Estado de S\u00e3o Paulo e realizado a avalia\u00e7\u00e3o sobre a compatibilidade do \u00f3rg\u00e3o doado.<\/p>\n\n\n\n<p>A cirurgia aconteceu, sem intercorr\u00eancias, na manh\u00e3 de ontem (26). O paciente seguir\u00e1 em observa\u00e7\u00e3o para acompanhamento da adapta\u00e7\u00e3o do \u00f3rg\u00e3o e controle cl\u00ednico\u201d, diz nota do hospital enviada nesta ter\u00e7a.<\/p>\n\n\n\n<p>De acordo com familiares, quando passou por um transplante de cora\u00e7\u00e3o, no ano passado, os rins do apresentador j\u00e1 estavam comprometidos e ele estava passando por hemodi\u00e1lise. Ele estava na fila por um transplante de\u00a0rim\u00a0dois\u00a0meses.<\/p>\n\n\n\n<p>G1<\/p>\n\n\n\n<p>Foto: Instagram <\/p>\n","protected":false},"excerpt":{"rendered":"<p>A cirurgia foi realizada na segunda-feira (26) e ocorreu sem intercorr\u00eancias, segundo o hospital. \u201cO paciente Fausto Silva deu entrada no Hospital Israelita Albert Einstein no dia 25 de fevereiro para prepara\u00e7\u00e3o para um transplante de rim, em fun\u00e7\u00e3o do agravamento de uma doen\u00e7a renal cr\u00f4nica, ap\u00f3s o Einstein ter sido acionado pela Central de [&hellip;]<\/p>\n","protected":false},"author":2,"featured_media":9016,"comment_status":"open","ping_status":"open","sticky":false,"template":"","format":"standard","meta":{"footnotes":""},"categories":[9,3,4,5,6,7],"tags":[],"class_list":["post-9015","post","type-post","status-publish","format-standard","has-post-thumbnail","hentry","category-9","category-destaque","category-locais","category-noticias","category-podcasts","category-sem-categoria"],"aioseo_notices":[],"_links":{"self":[{"href":"https:\/\/sertaneja95fm.com.br\/sited\/wp-json\/wp\/v2\/posts\/9015","targetHints":{"allow":["GET"]}}],"collection":[{"href":"https:\/\/sertaneja95fm.com.br\/sited\/wp-json\/wp\/v2\/posts"}],"about":[{"href":"https:\/\/sertaneja95fm.com.br\/sited\/wp-json\/wp\/v2\/types\/post"}],"author":[{"embeddable":true,"href":"https:\/\/sertaneja95fm.com.br\/sited\/wp-json\/wp\/v2\/users\/2"}],"replies":[{"embeddable":true,"href":"https:\/\/sertaneja95fm.com.br\/sited\/wp-json\/wp\/v2\/comments?post=9015"}],"version-history":[{"count":1,"href":"https:\/\/sertaneja95fm.com.br\/sited\/wp-json\/wp\/v2\/posts\/9015\/revisions"}],"predecessor-version":[{"id":9017,"href":"https:\/\/sertaneja95fm.com.br\/sited\/wp-json\/wp\/v2\/posts\/9015\/revisions\/9017"}],"wp:featuredmedia":[{"embeddable":true,"href":"https:\/\/sertaneja95fm.com.br\/sited\/wp-json\/wp\/v2\/media\/9016"}],"wp:attachment":[{"href":"https:\/\/sertaneja95fm.com.br\/sited\/wp-json\/wp\/v2\/media?parent=9015"}],"wp:term":[{"taxonomy":"category","embeddable":true,"href":"https:\/\/sertaneja95fm.com.br\/sited\/wp-json\/wp\/v2\/categories?post=9015"},{"taxonomy":"post_tag","embeddable":true,"href":"https:\/\/sertaneja95fm.com.br\/sited\/wp-json\/wp\/v2\/tags?post=9015"}],"curies":[{"name":"wp","href":"https:\/\/api.w.org\/{rel}","templated":true}]}}