{"id":9032,"date":"2024-03-04T16:01:05","date_gmt":"2024-03-04T19:01:05","guid":{"rendered":"https:\/\/sertaneja95fm.com.br\/?p=9032"},"modified":"2024-03-04T16:01:05","modified_gmt":"2024-03-04T19:01:05","slug":"acude-gargalheiras-esta-com-625-de-sua-capacidade-total","status":"publish","type":"post","link":"https:\/\/sertaneja95fm.com.br\/sited\/acude-gargalheiras-esta-com-625-de-sua-capacidade-total\/","title":{"rendered":"A\u00c7UDE GARGALHEIRAS EST\u00c1 COM 6,25% DE SUA CAPACIDADE TOTAL"},"content":{"rendered":"\n<p>Informa\u00e7\u00f5es que acabam de chegar d\u00e3o conta de um crescimento substancial do n\u00edvel do A\u00e7ude Gargalheiras nas \u00faltimas horas. Segundo Adelson Santos, diretor da Caern no Serid\u00f3, o manancial atingiu 6,25% de sua capacidade total.<\/p>\n\n\n\n<p>Desde o in\u00edcio do per\u00edodo chuvoso, o reservat\u00f3rio j\u00e1 tomou o equivalente a mais de 4 metros de \u00e1gua, passando a faltar pouco mais de 8 metros para transbordar, algo que n\u00e3o ocorre desde 2011<\/p>\n\n\n\n<p><em>Foto: JobelDrone<\/em><\/p>\n\n\n\n<p><\/p>\n","protected":false},"excerpt":{"rendered":"<p>Informa\u00e7\u00f5es que acabam de chegar d\u00e3o conta de um crescimento substancial do n\u00edvel do A\u00e7ude Gargalheiras nas \u00faltimas horas. Segundo Adelson Santos, diretor da Caern no Serid\u00f3, o manancial atingiu 6,25% de sua capacidade total. Desde o in\u00edcio do per\u00edodo chuvoso, o reservat\u00f3rio j\u00e1 tomou o equivalente a mais de 4 metros de \u00e1gua, passando [&hellip;]<\/p>\n","protected":false},"author":2,"featured_media":9033,"comment_status":"open","ping_status":"open","sticky":false,"template":"","format":"standard","meta":{"footnotes":""},"categories":[9,3,4,5,6,7,8],"tags":[],"class_list":["post-9032","post","type-post","status-publish","format-standard","has-post-thumbnail","hentry","category-9","category-destaque","category-locais","category-noticias","category-podcasts","category-sem-categoria","category-ultimas"],"aioseo_notices":[],"_links":{"self":[{"href":"https:\/\/sertaneja95fm.com.br\/sited\/wp-json\/wp\/v2\/posts\/9032","targetHints":{"allow":["GET"]}}],"collection":[{"href":"https:\/\/sertaneja95fm.com.br\/sited\/wp-json\/wp\/v2\/posts"}],"about":[{"href":"https:\/\/sertaneja95fm.com.br\/sited\/wp-json\/wp\/v2\/types\/post"}],"author":[{"embeddable":true,"href":"https:\/\/sertaneja95fm.com.br\/sited\/wp-json\/wp\/v2\/users\/2"}],"replies":[{"embeddable":true,"href":"https:\/\/sertaneja95fm.com.br\/sited\/wp-json\/wp\/v2\/comments?post=9032"}],"version-history":[{"count":1,"href":"https:\/\/sertaneja95fm.com.br\/sited\/wp-json\/wp\/v2\/posts\/9032\/revisions"}],"predecessor-version":[{"id":9034,"href":"https:\/\/sertaneja95fm.com.br\/sited\/wp-json\/wp\/v2\/posts\/9032\/revisions\/9034"}],"wp:featuredmedia":[{"embeddable":true,"href":"https:\/\/sertaneja95fm.com.br\/sited\/wp-json\/wp\/v2\/media\/9033"}],"wp:attachment":[{"href":"https:\/\/sertaneja95fm.com.br\/sited\/wp-json\/wp\/v2\/media?parent=9032"}],"wp:term":[{"taxonomy":"category","embeddable":true,"href":"https:\/\/sertaneja95fm.com.br\/sited\/wp-json\/wp\/v2\/categories?post=9032"},{"taxonomy":"post_tag","embeddable":true,"href":"https:\/\/sertaneja95fm.com.br\/sited\/wp-json\/wp\/v2\/tags?post=9032"}],"curies":[{"name":"wp","href":"https:\/\/api.w.org\/{rel}","templated":true}]}}