{"id":9038,"date":"2024-03-06T08:31:18","date_gmt":"2024-03-06T11:31:18","guid":{"rendered":"https:\/\/sertaneja95fm.com.br\/?p=9038"},"modified":"2024-03-06T08:31:18","modified_gmt":"2024-03-06T11:31:18","slug":"encontrado-o-corpo-da-segunda-vitima-da-enchente-no-rio-de-carnauba-dos-dantas","status":"publish","type":"post","link":"https:\/\/sertaneja95fm.com.br\/sited\/encontrado-o-corpo-da-segunda-vitima-da-enchente-no-rio-de-carnauba-dos-dantas\/","title":{"rendered":"ENCONTRADO O CORPO DA SEGUNDA V\u00cdTIMA DA ENCHENTE NO RIO DE CARNA\u00daBA DOS DANTAS"},"content":{"rendered":"\n<p>O corpo da segunda v\u00edtima da enchente no rio de Carna\u00faba dos Dantas foi encontrado. Pepeta, conhecida pelo apelido, foi localizada por volta das 6:30 da manh\u00e3 de hoje, a cerca de 100 metros de onde o corpo de Everaldo foi descoberto ontem.<\/p>\n\n\n\n<p>Na ter\u00e7a-feira (5), o corpo de Everaldo j\u00e1 tinha sido achado boiando no A\u00e7ude do Governo, em Carna\u00faba dos Dantas, pelos moradores da regi\u00e3o.<\/p>\n\n\n\n<p>O corpo da segunda v\u00edtima da enchente no rio de Carna\u00faba dos Dantas foi encontrado. Pepeta, conhecida pelo apelido, foi localizada por volta das 6:30 da manh\u00e3 de hoje, a cerca de 100 metros de onde o corpo de Everaldo foi descoberto ontem.<\/p>\n\n\n\n<p>Na ter\u00e7a-feira (5), o corpo de Everaldo j\u00e1 tinha sido achado boiando no A\u00e7ude do Governo, em Carna\u00faba dos Dantas, pelos moradores da regi\u00e3o.<\/p>\n\n\n\n<p>Foto: Juquinha JCN<\/p>\n","protected":false},"excerpt":{"rendered":"<p>O corpo da segunda v\u00edtima da enchente no rio de Carna\u00faba dos Dantas foi encontrado. Pepeta, conhecida pelo apelido, foi localizada por volta das 6:30 da manh\u00e3 de hoje, a cerca de 100 metros de onde o corpo de Everaldo foi descoberto ontem. Na ter\u00e7a-feira (5), o corpo de Everaldo j\u00e1 tinha sido achado boiando [&hellip;]<\/p>\n","protected":false},"author":2,"featured_media":9039,"comment_status":"open","ping_status":"open","sticky":false,"template":"","format":"standard","meta":{"footnotes":""},"categories":[9,3,4,5,6,7,8],"tags":[],"class_list":["post-9038","post","type-post","status-publish","format-standard","has-post-thumbnail","hentry","category-9","category-destaque","category-locais","category-noticias","category-podcasts","category-sem-categoria","category-ultimas"],"aioseo_notices":[],"_links":{"self":[{"href":"https:\/\/sertaneja95fm.com.br\/sited\/wp-json\/wp\/v2\/posts\/9038","targetHints":{"allow":["GET"]}}],"collection":[{"href":"https:\/\/sertaneja95fm.com.br\/sited\/wp-json\/wp\/v2\/posts"}],"about":[{"href":"https:\/\/sertaneja95fm.com.br\/sited\/wp-json\/wp\/v2\/types\/post"}],"author":[{"embeddable":true,"href":"https:\/\/sertaneja95fm.com.br\/sited\/wp-json\/wp\/v2\/users\/2"}],"replies":[{"embeddable":true,"href":"https:\/\/sertaneja95fm.com.br\/sited\/wp-json\/wp\/v2\/comments?post=9038"}],"version-history":[{"count":1,"href":"https:\/\/sertaneja95fm.com.br\/sited\/wp-json\/wp\/v2\/posts\/9038\/revisions"}],"predecessor-version":[{"id":9040,"href":"https:\/\/sertaneja95fm.com.br\/sited\/wp-json\/wp\/v2\/posts\/9038\/revisions\/9040"}],"wp:featuredmedia":[{"embeddable":true,"href":"https:\/\/sertaneja95fm.com.br\/sited\/wp-json\/wp\/v2\/media\/9039"}],"wp:attachment":[{"href":"https:\/\/sertaneja95fm.com.br\/sited\/wp-json\/wp\/v2\/media?parent=9038"}],"wp:term":[{"taxonomy":"category","embeddable":true,"href":"https:\/\/sertaneja95fm.com.br\/sited\/wp-json\/wp\/v2\/categories?post=9038"},{"taxonomy":"post_tag","embeddable":true,"href":"https:\/\/sertaneja95fm.com.br\/sited\/wp-json\/wp\/v2\/tags?post=9038"}],"curies":[{"name":"wp","href":"https:\/\/api.w.org\/{rel}","templated":true}]}}