{"id":9044,"date":"2024-03-07T09:38:52","date_gmt":"2024-03-07T12:38:52","guid":{"rendered":"https:\/\/sertaneja95fm.com.br\/?p=9044"},"modified":"2024-03-07T09:38:53","modified_gmt":"2024-03-07T12:38:53","slug":"8-de-marco-profissoes-inusitadas-e-de-maioria-masculina-nao-impedem-protagonismo-feminino","status":"publish","type":"post","link":"https:\/\/sertaneja95fm.com.br\/sited\/8-de-marco-profissoes-inusitadas-e-de-maioria-masculina-nao-impedem-protagonismo-feminino\/","title":{"rendered":"8 DE MAR\u00c7O: PROFISS\u00d5ES INUSITADAS E DE MAIORIA MASCULINA N\u00c3O IMPEDEM PROTAGONISMO FEMININO"},"content":{"rendered":"\n<p>Dia internacionalmente conhecido pela luta em prol dos direitos das mulheres, o oito de mar\u00e7o \u00e9, para muitas delas,&nbsp;mais sobre luta por igualdade e respeito do que sobre homenagens e ganhar rosas. Dados do 3\u00ba trimestre de 2022 da Pesquisa Nacional por Amostra de Domic\u00edlios Cont\u00ednua (Pnad Cont\u00ednua), do Instituto Brasileiro de Geografia e Estat\u00edstica (IBGE), revelam que o Brasil contava com 89,6 milh\u00f5es de mulheres com 14 anos ou mais, das quais 47,9 milh\u00f5es faziam parte da for\u00e7a de trabalho.<\/p>\n\n\n\n<p>O grande n\u00famero de mulheres no mercado de trabalho \u00e9 uma amostra do perfil moderno e engajado que elas representam, com mais independ\u00eancia e protagonismo na sociedade. Seguindo esta linha est\u00e1 a tanatopraxista&nbsp;Andr\u00e9ia Alves do Nascimento, que atua no cemit\u00e9rio, cremat\u00f3rio e funer\u00e1ria Morada da Paz, na Grande Natal. A empresa \u00e9 parte do Grupo Morada e tem 48% de mulheres entre a popula\u00e7\u00e3o de colaboradores, sendo 152 delas atuando no RN.<\/p>\n\n\n\n<p>Com grande responsabilidade, uma vez que prepara pessoas falecidas para as cerim\u00f4nias de vel\u00f3rio e sepultamento, Andr\u00e9ia desempenha seu trabalho de forma segura e firme.&nbsp;\u201cEmbora tradicionalmente a Tanatopraxia tenha sido dominada por homens, nos \u00faltimos anos tem havido uma crescente presen\u00e7a de mulheres. Acreditava-se que os servi\u00e7os de cuidados dos&nbsp;estavam relacionados \u00e0 for\u00e7a f\u00edsica, entretanto foi-se&nbsp;evidenciando que a profiss\u00e3o est\u00e1 relacionada a uma habilidade t\u00e9cnica espec\u00edfica, bem como a uma forte capacidade emocional em lidar com a morte, que independem de g\u00eanero\u201d, explica Andr\u00e9ia.<\/p>\n\n\n\n<p>Para a customer success (agente de sucesso do cliente) Paula Marques, da empresa de tecnologia natalense Faceponto, apesar de ser um mercado com a presen\u00e7a majorit\u00e1ria dos homens, n\u00e3o foi dif\u00edcil para ela conquistar seu lugar nesse espa\u00e7o concorrido. \u201cSinto uma grande responsabilidade quanto \u00e0 pauta da representatividade dentro das minhas atividades e me sinto muito acolhida e respeitada por todos os colegas pelo meu profissionalismo\u201d, afirma Paula. Nesta fun\u00e7\u00e3o exercida por ela, que ainda \u00e9 pouco estudada em virtude do seu surgimento recente, o Linkedin fez uma pesquisa em 2022 e mostrou que 64% das entrevistadas enxergavam a possibilidade de sucesso atuando como customer success, contra 34% dos homens.<\/p>\n\n\n\n<p>*Desafios profissionais*<br>Para ambas, os desafios do dia a dia profissional n\u00e3o s\u00e3o intimidadores. Elas acreditam que \u00e9 poss\u00edvel utilizar caracter\u00edsticas tidas como femininas para mostrar que s\u00e3o capazes de fazer qualquer coisa. \u201cA mulher tem a fama que consegue fazer v\u00e1rias coisas ao mesmo tempo, n\u00e3o \u00e9? N\u00e3o deixa de ser verdade\u2026 Como mulheres, podemos sim realizar a atividade que quisermos, pois somos t\u00e3o competentes quanto os homens\u201d, refor\u00e7a Paula.<\/p>\n\n\n\n<p>\u201cGeralmente, a&nbsp;mulher demonstra uma maior sensibilidade naquilo que faz&nbsp;e algumas fam\u00edlias&nbsp;sentem-se mais confort\u00e1veis&nbsp;com uma de n\u00f3s&nbsp;cuidando&nbsp;de seus entes queridos falecidos. Esse pensamento, que se concretiza no cotidiano profissional,&nbsp;contribui para o aumento da demanda de tanatopraxistas mulheres\u201d, acredita&nbsp;a tanatopraxista.<\/p>\n\n\n\n<p>Em realidades pessoais e profissionais distintas, por estarem em segmentos t\u00e3o singulares, Andr\u00e9ia e Paula t\u00eam em comum o fato de lidarem com pessoas. Outro fator que as une \u00e9 o de encontrar apoio de suas respectivas empresas para desenvolverem seus pap\u00e9is profissionais. \u201cMuito do que eu fa\u00e7o todos os dias, e a forma como me realizo, est\u00e1 no fato de que encontro no Morada da Paz um espa\u00e7o prop\u00edcio para meu crescimento profissional, sem barreiras por g\u00eanero ou quaisquer outras\u201d, celebra Andr\u00e9ia.<\/p>\n\n\n\n<p>Segundo Paula, o desejo \u00e9 de que mais mulheres tenham mais oportunidades. \u201cSei que minha experi\u00eancia n\u00e3o \u00e9 a mesma de outras mulheres, uma vez que na Faceponto meu trabalho nunca deixou de ser reconhecido. Celebro isso e desejo que mais e mais mulheres possam ter seu talento, seus esfor\u00e7os e dedica\u00e7\u00e3o reconhecidos no mercado de trabalho\u201d, finaliza a customer successo. <\/p>\n\n\n\n<p>Foto: Divulga\u00e7\u00e3o<\/p>\n\n\n\n<p><\/p>\n","protected":false},"excerpt":{"rendered":"<p>Dia internacionalmente conhecido pela luta em prol dos direitos das mulheres, o oito de mar\u00e7o \u00e9, para muitas delas,&nbsp;mais sobre luta por igualdade e respeito do que sobre homenagens e ganhar rosas. Dados do 3\u00ba trimestre de 2022 da Pesquisa Nacional por Amostra de Domic\u00edlios Cont\u00ednua (Pnad Cont\u00ednua), do Instituto Brasileiro de Geografia e Estat\u00edstica [&hellip;]<\/p>\n","protected":false},"author":2,"featured_media":9045,"comment_status":"open","ping_status":"open","sticky":false,"template":"","format":"standard","meta":{"footnotes":""},"categories":[9,3,4,5,6,7,8],"tags":[],"class_list":["post-9044","post","type-post","status-publish","format-standard","has-post-thumbnail","hentry","category-9","category-destaque","category-locais","category-noticias","category-podcasts","category-sem-categoria","category-ultimas"],"aioseo_notices":[],"_links":{"self":[{"href":"https:\/\/sertaneja95fm.com.br\/sited\/wp-json\/wp\/v2\/posts\/9044","targetHints":{"allow":["GET"]}}],"collection":[{"href":"https:\/\/sertaneja95fm.com.br\/sited\/wp-json\/wp\/v2\/posts"}],"about":[{"href":"https:\/\/sertaneja95fm.com.br\/sited\/wp-json\/wp\/v2\/types\/post"}],"author":[{"embeddable":true,"href":"https:\/\/sertaneja95fm.com.br\/sited\/wp-json\/wp\/v2\/users\/2"}],"replies":[{"embeddable":true,"href":"https:\/\/sertaneja95fm.com.br\/sited\/wp-json\/wp\/v2\/comments?post=9044"}],"version-history":[{"count":1,"href":"https:\/\/sertaneja95fm.com.br\/sited\/wp-json\/wp\/v2\/posts\/9044\/revisions"}],"predecessor-version":[{"id":9046,"href":"https:\/\/sertaneja95fm.com.br\/sited\/wp-json\/wp\/v2\/posts\/9044\/revisions\/9046"}],"wp:featuredmedia":[{"embeddable":true,"href":"https:\/\/sertaneja95fm.com.br\/sited\/wp-json\/wp\/v2\/media\/9045"}],"wp:attachment":[{"href":"https:\/\/sertaneja95fm.com.br\/sited\/wp-json\/wp\/v2\/media?parent=9044"}],"wp:term":[{"taxonomy":"category","embeddable":true,"href":"https:\/\/sertaneja95fm.com.br\/sited\/wp-json\/wp\/v2\/categories?post=9044"},{"taxonomy":"post_tag","embeddable":true,"href":"https:\/\/sertaneja95fm.com.br\/sited\/wp-json\/wp\/v2\/tags?post=9044"}],"curies":[{"name":"wp","href":"https:\/\/api.w.org\/{rel}","templated":true}]}}