{"id":9047,"date":"2024-03-07T09:44:08","date_gmt":"2024-03-07T12:44:08","guid":{"rendered":"https:\/\/sertaneja95fm.com.br\/?p=9047"},"modified":"2024-03-07T09:44:08","modified_gmt":"2024-03-07T12:44:08","slug":"gusttavo-lima-wesley-safadao-luan-santana-e-alok-mossoro-cidade-junina-lanca-maior-programacao-da-historia-para-edicao-2024","status":"publish","type":"post","link":"https:\/\/sertaneja95fm.com.br\/sited\/gusttavo-lima-wesley-safadao-luan-santana-e-alok-mossoro-cidade-junina-lanca-maior-programacao-da-historia-para-edicao-2024\/","title":{"rendered":"GUSTTAVO LIMA, WESLEY SAFAD\u00c3O, LUAN SANTANA E ALOK: MOSSOR\u00d3 CIDADE JUNINA LAN\u00c7A MAIOR PROGRAMA\u00c7\u00c3O DA HIST\u00d3RIA PARA EDI\u00c7\u00c3O 2024"},"content":{"rendered":"\n<p>A prefeitura de Mossor\u00f3 divulgou nesta quarta-feira (6) a programa\u00e7\u00e3o do Mossor\u00f3 Cidade Junina 2024, uma das festas mais tradicionais de S\u00e3o Jo\u00e3o do Nordeste.<\/p>\n\n\n\n<p>Os principais nomes confirmados s\u00e3o Gusttavo Lima, Wesley Safad\u00e3o, Luan Santana, Alok, Bell Marques, Xand Avi\u00e3o, Simone Mendes, Jorge e Mateus, Bruno e Marrone, Mari Fernandez e L\u00e9o Santana, al\u00e9m de Leonardo, Gustavo Mioto, Nattan e Mano Walter.<\/p>\n\n\n\n<p>Em 2024, o Mossor\u00f3 Cidade Junina vai come\u00e7ar no dia 1\u00ba de junho, com o Pingo da Mei Dia, e vai at\u00e9 o dia 29 de junho, com o Boca da Noite.<\/p>\n\n\n\n<p>Entre festejos tradicionais do evento, foi confirmado tamb\u00e9m mais uma edi\u00e7\u00e3o da apresenta\u00e7\u00e3o da Chuva de Bala no Pa\u00eds de Mossor\u00f3.<\/p>\n\n\n\n<p>A divulga\u00e7\u00e3o oficial do Mossor\u00f3 Cidade Junina aconteceu na noite desta quarta-feira (6) em um hotel da cidade e contou com apresenta\u00e7\u00f5es de grupos de dan\u00e7a e de m\u00fasica, al\u00e9m da presen\u00e7a de artistas, poetas e pol\u00edticos.<\/p>\n\n\n\n<p><strong>Veja a programa\u00e7\u00e3o:<\/strong><\/p>\n\n\n\n<ul class=\"wp-block-list\">\n<li><strong>1\u00ba de junho (Pingo da Mei Dia):<\/strong>&nbsp;Bell Marques, Z\u00e9 Vaqueiro e Tarc\u00edsio do Acordeon<\/li>\n\n\n\n<li><strong>6 de junho:<\/strong>&nbsp;Nattan, \u00c0 Vontade (Zezo, Luan Estilizado e Ra\u00ed Saia Rodada) e Fl\u00e1vio Jos\u00e9<\/li>\n\n\n\n<li><strong>7 de junho:<\/strong>&nbsp;Wesley Safad\u00e3o, Dorgival Dantas e Bonde do Brasil<\/li>\n\n\n\n<li><strong>8 de junho:<\/strong>&nbsp;Henry Freitas, Jonas Esticado e Mano Walter<\/li>\n\n\n\n<li><strong>13 de junho:<\/strong>&nbsp;Lim\u00e3o com Mel, Calcinha Preta e Taty Girl<\/li>\n\n\n\n<li><strong>14 de junho:<\/strong>&nbsp;Raynel Guedes, Xand Avi\u00e3o e Felipe Amorim<\/li>\n\n\n\n<li><strong>15 de junho:<\/strong>&nbsp;Eric Land e Murilo Huff<\/li>\n\n\n\n<li><strong>19 de junho:<\/strong>&nbsp;Gusttavo Lima e Vitor Fernandes<\/li>\n\n\n\n<li><strong>20 de junho:<\/strong>&nbsp;Jorge e Mateus, \u00c1vine Vinny e Rey Vaqueiro<\/li>\n\n\n\n<li><strong>21 de junho:<\/strong>&nbsp;Bruno e Marrone, Simone Mendes e Raphaela Santos<\/li>\n\n\n\n<li><strong>22 de junho:<\/strong>&nbsp;Leonardo, Z\u00e9 Cantor e Michele Andrade<\/li>\n\n\n\n<li><strong>27 de junho:<\/strong>&nbsp;Seu Desejo, Luan Santana e Mari Fernandez<\/li>\n\n\n\n<li><strong>28 de junho:<\/strong>&nbsp;Gustavo Mioto, Alok e N\u00fazio Medeiros<\/li>\n\n\n\n<li><strong>29 de junho:<\/strong>&nbsp;L\u00e9o Santana<\/li>\n<\/ul>\n\n\n\n<p><strong>g1 RN<\/strong><\/p>\n","protected":false},"excerpt":{"rendered":"<p>A prefeitura de Mossor\u00f3 divulgou nesta quarta-feira (6) a programa\u00e7\u00e3o do Mossor\u00f3 Cidade Junina 2024, uma das festas mais tradicionais de S\u00e3o Jo\u00e3o do Nordeste. Os principais nomes confirmados s\u00e3o Gusttavo Lima, Wesley Safad\u00e3o, Luan Santana, Alok, Bell Marques, Xand Avi\u00e3o, Simone Mendes, Jorge e Mateus, Bruno e Marrone, Mari Fernandez e L\u00e9o Santana, al\u00e9m [&hellip;]<\/p>\n","protected":false},"author":2,"featured_media":9048,"comment_status":"open","ping_status":"open","sticky":false,"template":"","format":"standard","meta":{"footnotes":""},"categories":[9,3,4,5,6,7,8],"tags":[],"class_list":["post-9047","post","type-post","status-publish","format-standard","has-post-thumbnail","hentry","category-9","category-destaque","category-locais","category-noticias","category-podcasts","category-sem-categoria","category-ultimas"],"aioseo_notices":[],"_links":{"self":[{"href":"https:\/\/sertaneja95fm.com.br\/sited\/wp-json\/wp\/v2\/posts\/9047","targetHints":{"allow":["GET"]}}],"collection":[{"href":"https:\/\/sertaneja95fm.com.br\/sited\/wp-json\/wp\/v2\/posts"}],"about":[{"href":"https:\/\/sertaneja95fm.com.br\/sited\/wp-json\/wp\/v2\/types\/post"}],"author":[{"embeddable":true,"href":"https:\/\/sertaneja95fm.com.br\/sited\/wp-json\/wp\/v2\/users\/2"}],"replies":[{"embeddable":true,"href":"https:\/\/sertaneja95fm.com.br\/sited\/wp-json\/wp\/v2\/comments?post=9047"}],"version-history":[{"count":1,"href":"https:\/\/sertaneja95fm.com.br\/sited\/wp-json\/wp\/v2\/posts\/9047\/revisions"}],"predecessor-version":[{"id":9049,"href":"https:\/\/sertaneja95fm.com.br\/sited\/wp-json\/wp\/v2\/posts\/9047\/revisions\/9049"}],"wp:featuredmedia":[{"embeddable":true,"href":"https:\/\/sertaneja95fm.com.br\/sited\/wp-json\/wp\/v2\/media\/9048"}],"wp:attachment":[{"href":"https:\/\/sertaneja95fm.com.br\/sited\/wp-json\/wp\/v2\/media?parent=9047"}],"wp:term":[{"taxonomy":"category","embeddable":true,"href":"https:\/\/sertaneja95fm.com.br\/sited\/wp-json\/wp\/v2\/categories?post=9047"},{"taxonomy":"post_tag","embeddable":true,"href":"https:\/\/sertaneja95fm.com.br\/sited\/wp-json\/wp\/v2\/tags?post=9047"}],"curies":[{"name":"wp","href":"https:\/\/api.w.org\/{rel}","templated":true}]}}