{"id":9058,"date":"2024-03-08T13:40:07","date_gmt":"2024-03-08T16:40:07","guid":{"rendered":"https:\/\/sertaneja95fm.com.br\/?p=9058"},"modified":"2024-03-08T13:41:34","modified_gmt":"2024-03-08T16:41:34","slug":"passageiro-de-voo-que-saiu-de-buenos-aires-para-madri-morre-no-brasil-sem-atendimento-medico","status":"publish","type":"post","link":"https:\/\/sertaneja95fm.com.br\/sited\/passageiro-de-voo-que-saiu-de-buenos-aires-para-madri-morre-no-brasil-sem-atendimento-medico\/","title":{"rendered":"Passageiro de voo que saiu de Buenos Aires para Madri morre no Brasil sem atendimento m\u00e9dico"},"content":{"rendered":"\n<p>Um espanhol de 72 anos morreu ap\u00f3s uma emerg\u00eancia em um voo que saiu de Buenos Aires, na Argentina, que seguia para Madri, na Espanha. A rota precisou ser desviada e o pouso aconteceu no Aeroporto de Natal, na noite dessa quinta-feira (8), durante uma emerg\u00eancia de sa\u00fade.<\/p>\n\n\n\n<p>Por\u00e9m, segundo o coordenador do Samu Natal, Cl\u00e1udio Mac\u00eado, o servi\u00e7o de sa\u00fade do Aeroporto n\u00e3o contava com um m\u00e9dico e, por isso, o terminal acionou o Samu RN. Por\u00e9m, o servi\u00e7o estava com as UTIs m\u00f3veis ocupadas em outros atendimentos e pediu aux\u00edlio do Samu Natal, mas o homem morreu.<\/p>\n\n\n\n<p>\u201cO aeroporto tem que ter uma unidade de suporte avan\u00e7ado l\u00e1, dentro da unidade, mas n\u00e3o tinha m\u00e9dico ontem. A UTI do SAMU Natal chegou ir at\u00e9 a entrada do aeroporto, mas as pessoas que estavam disseram que o paciente j\u00e1 estava em \u00f3bito h\u00e1 mais de vinte minutos\u201d, afirmou o coordenador.<\/p>\n\n\n\n<p>O voo era realizado por um avi\u00e3o modelo Boeing 787 Dreamliner e seguiu com viagem \u00e0 Espanha ap\u00f3s a ocorr\u00eancia.<\/p>\n\n\n\n<p>Em nota, a Zurich Airport Brasil, administradora do terminal, disse que o avi\u00e3o informou emerg\u00eancia m\u00e9dica de passageiro em voo e solicitou pouso em Natal. O pouso ocorreu por volta de 19h, de acordo com o g1.<\/p>\n\n\n\n<p>A Zurich informou que conta com uma ambul\u00e2ncia, que estava posicionada no p\u00e1tio no momento do pouso.<\/p>\n\n\n\n<p>\u201cT\u00e3o logo ocorreu o pouso, a equipe de socorro do aeroporto realizou o protocolo de atendimento indicado para estes casos, buscando reanimar o passageiro. Mas n\u00e3o houve \u00eaxito\u201d, informou.<\/p>\n\n\n\n<p><br>Voo que seguia de Buenos Aires para Madri pousa em Natal durante emerg\u00eancia m\u00e9dica<\/p>\n\n\n\n<p>Imagem &#8211; Reprodu\u00e7\u00e3o Flight Radar \/ Pixabay<\/p>\n","protected":false},"excerpt":{"rendered":"<p>Um espanhol de 72 anos morreu ap\u00f3s uma emerg\u00eancia em um voo que saiu de Buenos Aires, na Argentina, que seguia para Madri, na Espanha. A rota precisou ser desviada e o pouso aconteceu no Aeroporto de Natal, na noite dessa quinta-feira (8), durante uma emerg\u00eancia de sa\u00fade. Por\u00e9m, segundo o coordenador do Samu Natal, [&hellip;]<\/p>\n","protected":false},"author":2,"featured_media":9059,"comment_status":"open","ping_status":"open","sticky":false,"template":"","format":"standard","meta":{"footnotes":""},"categories":[9,3,4,5,6,7,8],"tags":[],"class_list":["post-9058","post","type-post","status-publish","format-standard","has-post-thumbnail","hentry","category-9","category-destaque","category-locais","category-noticias","category-podcasts","category-sem-categoria","category-ultimas"],"aioseo_notices":[],"_links":{"self":[{"href":"https:\/\/sertaneja95fm.com.br\/sited\/wp-json\/wp\/v2\/posts\/9058","targetHints":{"allow":["GET"]}}],"collection":[{"href":"https:\/\/sertaneja95fm.com.br\/sited\/wp-json\/wp\/v2\/posts"}],"about":[{"href":"https:\/\/sertaneja95fm.com.br\/sited\/wp-json\/wp\/v2\/types\/post"}],"author":[{"embeddable":true,"href":"https:\/\/sertaneja95fm.com.br\/sited\/wp-json\/wp\/v2\/users\/2"}],"replies":[{"embeddable":true,"href":"https:\/\/sertaneja95fm.com.br\/sited\/wp-json\/wp\/v2\/comments?post=9058"}],"version-history":[{"count":1,"href":"https:\/\/sertaneja95fm.com.br\/sited\/wp-json\/wp\/v2\/posts\/9058\/revisions"}],"predecessor-version":[{"id":9060,"href":"https:\/\/sertaneja95fm.com.br\/sited\/wp-json\/wp\/v2\/posts\/9058\/revisions\/9060"}],"wp:featuredmedia":[{"embeddable":true,"href":"https:\/\/sertaneja95fm.com.br\/sited\/wp-json\/wp\/v2\/media\/9059"}],"wp:attachment":[{"href":"https:\/\/sertaneja95fm.com.br\/sited\/wp-json\/wp\/v2\/media?parent=9058"}],"wp:term":[{"taxonomy":"category","embeddable":true,"href":"https:\/\/sertaneja95fm.com.br\/sited\/wp-json\/wp\/v2\/categories?post=9058"},{"taxonomy":"post_tag","embeddable":true,"href":"https:\/\/sertaneja95fm.com.br\/sited\/wp-json\/wp\/v2\/tags?post=9058"}],"curies":[{"name":"wp","href":"https:\/\/api.w.org\/{rel}","templated":true}]}}