{"id":9077,"date":"2024-03-11T13:23:23","date_gmt":"2024-03-11T16:23:23","guid":{"rendered":"https:\/\/sertaneja95fm.com.br\/?p=9077"},"modified":"2024-03-11T13:23:24","modified_gmt":"2024-03-11T16:23:24","slug":"10-centimetros-em-seu-nivel-de-agua-acude-gargalheiras-chega-a-quase-10-da-sua-capacidade","status":"publish","type":"post","link":"https:\/\/sertaneja95fm.com.br\/sited\/10-centimetros-em-seu-nivel-de-agua-acude-gargalheiras-chega-a-quase-10-da-sua-capacidade\/","title":{"rendered":"10 CENT\u00cdMETROS EM SEU N\u00cdVEL DE \u00c1GUA, A\u00c7UDE GARGALHEIRAS CHEGA A QUASE 10% DA SUA CAPACIDADE"},"content":{"rendered":"\n<p>O A\u00e7ude Marechal Dutra, em Acari, recebeu  um aumento de 10 cent\u00edmetros em sua l\u00e2mina d\u2019\u00e1gua nesta segunda-feira (11).De acordo com a medi\u00e7\u00e3o do Instituto das \u00c1guas do Rio Grande do Norte (Igarn), o manancial chegou a 9,25% de sua capacidade total.<\/p>\n\n\n\n<p><\/p>\n","protected":false},"excerpt":{"rendered":"<p>O A\u00e7ude Marechal Dutra, em Acari, recebeu um aumento de 10 cent\u00edmetros em sua l\u00e2mina d\u2019\u00e1gua nesta segunda-feira (11).De acordo com a medi\u00e7\u00e3o do Instituto das \u00c1guas do Rio Grande do Norte (Igarn), o manancial chegou a 9,25% de sua capacidade total.<\/p>\n","protected":false},"author":2,"featured_media":9078,"comment_status":"open","ping_status":"open","sticky":false,"template":"","format":"standard","meta":{"footnotes":""},"categories":[9,3,4,5,6,7,8],"tags":[],"class_list":["post-9077","post","type-post","status-publish","format-standard","has-post-thumbnail","hentry","category-9","category-destaque","category-locais","category-noticias","category-podcasts","category-sem-categoria","category-ultimas"],"aioseo_notices":[],"_links":{"self":[{"href":"https:\/\/sertaneja95fm.com.br\/sited\/wp-json\/wp\/v2\/posts\/9077","targetHints":{"allow":["GET"]}}],"collection":[{"href":"https:\/\/sertaneja95fm.com.br\/sited\/wp-json\/wp\/v2\/posts"}],"about":[{"href":"https:\/\/sertaneja95fm.com.br\/sited\/wp-json\/wp\/v2\/types\/post"}],"author":[{"embeddable":true,"href":"https:\/\/sertaneja95fm.com.br\/sited\/wp-json\/wp\/v2\/users\/2"}],"replies":[{"embeddable":true,"href":"https:\/\/sertaneja95fm.com.br\/sited\/wp-json\/wp\/v2\/comments?post=9077"}],"version-history":[{"count":1,"href":"https:\/\/sertaneja95fm.com.br\/sited\/wp-json\/wp\/v2\/posts\/9077\/revisions"}],"predecessor-version":[{"id":9079,"href":"https:\/\/sertaneja95fm.com.br\/sited\/wp-json\/wp\/v2\/posts\/9077\/revisions\/9079"}],"wp:featuredmedia":[{"embeddable":true,"href":"https:\/\/sertaneja95fm.com.br\/sited\/wp-json\/wp\/v2\/media\/9078"}],"wp:attachment":[{"href":"https:\/\/sertaneja95fm.com.br\/sited\/wp-json\/wp\/v2\/media?parent=9077"}],"wp:term":[{"taxonomy":"category","embeddable":true,"href":"https:\/\/sertaneja95fm.com.br\/sited\/wp-json\/wp\/v2\/categories?post=9077"},{"taxonomy":"post_tag","embeddable":true,"href":"https:\/\/sertaneja95fm.com.br\/sited\/wp-json\/wp\/v2\/tags?post=9077"}],"curies":[{"name":"wp","href":"https:\/\/api.w.org\/{rel}","templated":true}]}}