{"id":9081,"date":"2024-03-12T14:15:53","date_gmt":"2024-03-12T17:15:53","guid":{"rendered":"https:\/\/sertaneja95fm.com.br\/?p=9081"},"modified":"2024-03-12T14:15:53","modified_gmt":"2024-03-12T17:15:53","slug":"inovacao-currais-novos-vai-receber-4a-edicao-do-startup-day","status":"publish","type":"post","link":"https:\/\/sertaneja95fm.com.br\/sited\/inovacao-currais-novos-vai-receber-4a-edicao-do-startup-day\/","title":{"rendered":"Inova\u00e7\u00e3o: Currais Novos Vai Receber 4\u00aa Edi\u00e7\u00e3o Do Startup Day"},"content":{"rendered":"\n<p>A cidade de Currais Novos vai receber nos dias 15 e 16 de mar\u00e7o, no Aero Clube o maior evento de empreendedorismo inovador e de startups de todo o Brasil: O \u201cStartup Day\u201d.O evento, que ocorre em todo Pa\u00eds, estimula a capacidade de transformar pequenas ideias em grandes neg\u00f3cios, tudo com a assinatura do Sebrae.<\/p>\n\n\n\n<p>Em sua 4\u00aa edi\u00e7\u00e3o em Currais Novos, o evento re\u00fane profissionais de mercado e conte\u00fados relevantes para ajudar empresas e potenciais neg\u00f3cios a al\u00e7arem resultados transformadores.<\/p>\n","protected":false},"excerpt":{"rendered":"<p>A cidade de Currais Novos vai receber nos dias 15 e 16 de mar\u00e7o, no Aero Clube o maior evento de empreendedorismo inovador e de startups de todo o Brasil: O \u201cStartup Day\u201d.O evento, que ocorre em todo Pa\u00eds, estimula a capacidade de transformar pequenas ideias em grandes neg\u00f3cios, tudo com a assinatura do Sebrae. [&hellip;]<\/p>\n","protected":false},"author":2,"featured_media":9082,"comment_status":"open","ping_status":"open","sticky":false,"template":"","format":"standard","meta":{"footnotes":""},"categories":[3,4,5,6,7,8],"tags":[],"class_list":["post-9081","post","type-post","status-publish","format-standard","has-post-thumbnail","hentry","category-destaque","category-locais","category-noticias","category-podcasts","category-sem-categoria","category-ultimas"],"aioseo_notices":[],"_links":{"self":[{"href":"https:\/\/sertaneja95fm.com.br\/sited\/wp-json\/wp\/v2\/posts\/9081","targetHints":{"allow":["GET"]}}],"collection":[{"href":"https:\/\/sertaneja95fm.com.br\/sited\/wp-json\/wp\/v2\/posts"}],"about":[{"href":"https:\/\/sertaneja95fm.com.br\/sited\/wp-json\/wp\/v2\/types\/post"}],"author":[{"embeddable":true,"href":"https:\/\/sertaneja95fm.com.br\/sited\/wp-json\/wp\/v2\/users\/2"}],"replies":[{"embeddable":true,"href":"https:\/\/sertaneja95fm.com.br\/sited\/wp-json\/wp\/v2\/comments?post=9081"}],"version-history":[{"count":1,"href":"https:\/\/sertaneja95fm.com.br\/sited\/wp-json\/wp\/v2\/posts\/9081\/revisions"}],"predecessor-version":[{"id":9083,"href":"https:\/\/sertaneja95fm.com.br\/sited\/wp-json\/wp\/v2\/posts\/9081\/revisions\/9083"}],"wp:featuredmedia":[{"embeddable":true,"href":"https:\/\/sertaneja95fm.com.br\/sited\/wp-json\/wp\/v2\/media\/9082"}],"wp:attachment":[{"href":"https:\/\/sertaneja95fm.com.br\/sited\/wp-json\/wp\/v2\/media?parent=9081"}],"wp:term":[{"taxonomy":"category","embeddable":true,"href":"https:\/\/sertaneja95fm.com.br\/sited\/wp-json\/wp\/v2\/categories?post=9081"},{"taxonomy":"post_tag","embeddable":true,"href":"https:\/\/sertaneja95fm.com.br\/sited\/wp-json\/wp\/v2\/tags?post=9081"}],"curies":[{"name":"wp","href":"https:\/\/api.w.org\/{rel}","templated":true}]}}