{"id":9087,"date":"2024-03-12T14:20:53","date_gmt":"2024-03-12T17:20:53","guid":{"rendered":"https:\/\/sertaneja95fm.com.br\/?p=9087"},"modified":"2024-03-12T14:20:54","modified_gmt":"2024-03-12T17:20:54","slug":"um-ano-apos-ataques-rn-executou-menos-da-metade-dos-recursos-enviados","status":"publish","type":"post","link":"https:\/\/sertaneja95fm.com.br\/sited\/um-ano-apos-ataques-rn-executou-menos-da-metade-dos-recursos-enviados\/","title":{"rendered":"Um ano ap\u00f3s ataques, RN executou menos da metade dos recursos enviados"},"content":{"rendered":"\n<p>No dia 14 de mar\u00e7o de 2023, o RN foi atingido por uma onda de ataques criminosos que colocou em evid\u00eancia a estrutura estatal para reprimir fac\u00e7\u00f5es e assegurar prote\u00e7\u00e3o \u00e0 popula\u00e7\u00e3o. Nesse per\u00edodo, o Minist\u00e9rio da Justi\u00e7a e Seguran\u00e7a anunciou R$ 100 milh\u00f5es de recursos federais ao Estado para refor\u00e7o da seguran\u00e7a. Passados 12 meses, cerca de R$ 42 milh\u00f5es foram executados e R$ 67 milh\u00f5es ainda est\u00e3o em processo de execu\u00e7\u00e3o pelo Governo do Estado. A principal expectativa para este ano est\u00e1 na chegada de novas viaturas e abertura de novas vagas na Penitenci\u00e1ria de Alca\u00e7uz e no Centro de Deten\u00e7\u00e3o Provis\u00f3ria (CDP) Potengi.<\/p>\n\n\n\n<p><br>Ao todo, os recursos em execu\u00e7\u00e3o pela Secretaria de Seguran\u00e7a P\u00fablica do Rio Grande do Norte (Sesed\/RN) totalizam cerca de R$ 45 milh\u00f5es, dos quais R$ 30 milh\u00f5es foram para a compra de mais 100 novas viaturas e coletes bal\u00edsticos para as pol\u00edcias Civil e Militar. Apesar disso, apenas 75 ve\u00edculos j\u00e1 foram adquiridos e est\u00e3o sendo montados. A previs\u00e3o \u00e9 de que eles estejam adequados ao uso e sejam entregues ainda neste m\u00eas. Em rela\u00e7\u00e3o ao restante da frota, a Sesed n\u00e3o detalhou datas para recebimento.<\/p>\n\n\n\n<p>Outros R$ 15 milh\u00f5es dos R$ 45 milh\u00f5es, por sua vez, tamb\u00e9m est\u00e3o em processo de execu\u00e7\u00e3o. \u201cParte do recurso vir\u00e1 ao estado com a compra de fuzis, e outra parcela j\u00e1 chegou. Foi com a aquisi\u00e7\u00e3o de 26 viaturas descaracterizadas que ser\u00e3o utilizadas pelo setor de intelig\u00eancia da Pol\u00edcia Civil. Os ve\u00edculos j\u00e1 est\u00e3o no RN e logo ser\u00e3o entregues\u201d, assegurou a Sesed em resposta \u00e0 reportagem da TRIBUNA DO NORTE. N\u00e3o h\u00e1, contudo, uma data precisa para que os ve\u00edculos sejam entregues.<\/p>\n\n\n\n<p>Em rela\u00e7\u00e3o aos recursos j\u00e1 utilizados, R$ 19 milh\u00f5es foram destinados \u00e0 loca\u00e7\u00e3o de 300 viaturas para as for\u00e7as policiais. Do valor, R$ 7 milh\u00f5es foram pagos em 2023 e R$ 12 milh\u00f5es no atual exerc\u00edcio. A pasta informou, ainda, que outros 100 ve\u00edculos foram adquiridos com recursos do Fundo Nacional de Seguran\u00e7a. Ao todo, nos \u00faltimos meses, o Estado totalizou o recebimento de 500 novas viaturas.<\/p>\n\n\n\n<p><\/p>\n\n\n\n<p>TN<\/p>\n\n\n\n<p>Foto: Sandro<\/p>\n","protected":false},"excerpt":{"rendered":"<p>No dia 14 de mar\u00e7o de 2023, o RN foi atingido por uma onda de ataques criminosos que colocou em evid\u00eancia a estrutura estatal para reprimir fac\u00e7\u00f5es e assegurar prote\u00e7\u00e3o \u00e0 popula\u00e7\u00e3o. Nesse per\u00edodo, o Minist\u00e9rio da Justi\u00e7a e Seguran\u00e7a anunciou R$ 100 milh\u00f5es de recursos federais ao Estado para refor\u00e7o da seguran\u00e7a. Passados 12 [&hellip;]<\/p>\n","protected":false},"author":2,"featured_media":9088,"comment_status":"open","ping_status":"open","sticky":false,"template":"","format":"standard","meta":{"footnotes":""},"categories":[9,3,4,5,6,7,8],"tags":[],"class_list":["post-9087","post","type-post","status-publish","format-standard","has-post-thumbnail","hentry","category-9","category-destaque","category-locais","category-noticias","category-podcasts","category-sem-categoria","category-ultimas"],"aioseo_notices":[],"_links":{"self":[{"href":"https:\/\/sertaneja95fm.com.br\/sited\/wp-json\/wp\/v2\/posts\/9087","targetHints":{"allow":["GET"]}}],"collection":[{"href":"https:\/\/sertaneja95fm.com.br\/sited\/wp-json\/wp\/v2\/posts"}],"about":[{"href":"https:\/\/sertaneja95fm.com.br\/sited\/wp-json\/wp\/v2\/types\/post"}],"author":[{"embeddable":true,"href":"https:\/\/sertaneja95fm.com.br\/sited\/wp-json\/wp\/v2\/users\/2"}],"replies":[{"embeddable":true,"href":"https:\/\/sertaneja95fm.com.br\/sited\/wp-json\/wp\/v2\/comments?post=9087"}],"version-history":[{"count":1,"href":"https:\/\/sertaneja95fm.com.br\/sited\/wp-json\/wp\/v2\/posts\/9087\/revisions"}],"predecessor-version":[{"id":9089,"href":"https:\/\/sertaneja95fm.com.br\/sited\/wp-json\/wp\/v2\/posts\/9087\/revisions\/9089"}],"wp:featuredmedia":[{"embeddable":true,"href":"https:\/\/sertaneja95fm.com.br\/sited\/wp-json\/wp\/v2\/media\/9088"}],"wp:attachment":[{"href":"https:\/\/sertaneja95fm.com.br\/sited\/wp-json\/wp\/v2\/media?parent=9087"}],"wp:term":[{"taxonomy":"category","embeddable":true,"href":"https:\/\/sertaneja95fm.com.br\/sited\/wp-json\/wp\/v2\/categories?post=9087"},{"taxonomy":"post_tag","embeddable":true,"href":"https:\/\/sertaneja95fm.com.br\/sited\/wp-json\/wp\/v2\/tags?post=9087"}],"curies":[{"name":"wp","href":"https:\/\/api.w.org\/{rel}","templated":true}]}}