{"id":9090,"date":"2024-03-12T14:33:31","date_gmt":"2024-03-12T17:33:31","guid":{"rendered":"https:\/\/sertaneja95fm.com.br\/?p=9090"},"modified":"2024-03-12T14:34:01","modified_gmt":"2024-03-12T17:34:01","slug":"acude-boqueirao-em-parelhas-recebe-a-maior-recarga-hidrica-de-2024","status":"publish","type":"post","link":"https:\/\/sertaneja95fm.com.br\/sited\/acude-boqueirao-em-parelhas-recebe-a-maior-recarga-hidrica-de-2024\/","title":{"rendered":"A\u00e7ude Boqueir\u00e3o em Parelhas recebe a maior recarga h\u00eddrica de 2024"},"content":{"rendered":"\n<p>O a\u00e7ude Boqueir\u00e3o recebeu a maior recarga h\u00eddrica de 2024, de acordo com informa\u00e7\u00f5es de moradores pr\u00f3ximos a barragem , foram 50cm depois das chuvas que ca\u00edram nos \u00faltimos dias, ontem, a cidade registrou 90m, na zona Rural, os n\u00fameros foram maiores, em alguns pontos fora registrada 110m. A barragem ja tomou mais de 1m de \u00e1gua em 2024, dando at\u00e9 o momento, um alivio para a popula\u00e7\u00e3o das cidades de Parelhas, Carna\u00faba dos Dantas e Jardim do Serid\u00f3.  <\/p>\n\n\n\n<figure class=\"wp-block-image size-large\"><img loading=\"lazy\" decoding=\"async\" width=\"1024\" height=\"459\" src=\"https:\/\/sertaneja95fm.com.br\/sited\/wp-content\/uploads\/2024\/03\/ACUDE-BOQUEIRAO-EM-PARELHAS-1024x459.jpg\" alt=\"\" class=\"wp-image-9091\" srcset=\"https:\/\/sertaneja95fm.com.br\/sited\/wp-content\/uploads\/2024\/03\/ACUDE-BOQUEIRAO-EM-PARELHAS-1024x459.jpg 1024w, https:\/\/sertaneja95fm.com.br\/sited\/wp-content\/uploads\/2024\/03\/ACUDE-BOQUEIRAO-EM-PARELHAS-300x134.jpg 300w, https:\/\/sertaneja95fm.com.br\/sited\/wp-content\/uploads\/2024\/03\/ACUDE-BOQUEIRAO-EM-PARELHAS-768x344.jpg 768w, https:\/\/sertaneja95fm.com.br\/sited\/wp-content\/uploads\/2024\/03\/ACUDE-BOQUEIRAO-EM-PARELHAS-1536x688.jpg 1536w, https:\/\/sertaneja95fm.com.br\/sited\/wp-content\/uploads\/2024\/03\/ACUDE-BOQUEIRAO-EM-PARELHAS-2048x917.jpg 2048w\" sizes=\"auto, (max-width: 1024px) 100vw, 1024px\" \/><figcaption class=\"wp-element-caption\">????????????????????????????????????<\/figcaption><\/figure>\n","protected":false},"excerpt":{"rendered":"<p>O a\u00e7ude Boqueir\u00e3o recebeu a maior recarga h\u00eddrica de 2024, de acordo com informa\u00e7\u00f5es de moradores pr\u00f3ximos a barragem , foram 50cm depois das chuvas que ca\u00edram nos \u00faltimos dias, ontem, a cidade registrou 90m, na zona Rural, os n\u00fameros foram maiores, em alguns pontos fora registrada 110m. A barragem ja tomou mais de 1m [&hellip;]<\/p>\n","protected":false},"author":2,"featured_media":9093,"comment_status":"open","ping_status":"open","sticky":false,"template":"","format":"standard","meta":{"footnotes":""},"categories":[9,3,4,5,6,7,8],"tags":[],"class_list":["post-9090","post","type-post","status-publish","format-standard","has-post-thumbnail","hentry","category-9","category-destaque","category-locais","category-noticias","category-podcasts","category-sem-categoria","category-ultimas"],"aioseo_notices":[],"_links":{"self":[{"href":"https:\/\/sertaneja95fm.com.br\/sited\/wp-json\/wp\/v2\/posts\/9090","targetHints":{"allow":["GET"]}}],"collection":[{"href":"https:\/\/sertaneja95fm.com.br\/sited\/wp-json\/wp\/v2\/posts"}],"about":[{"href":"https:\/\/sertaneja95fm.com.br\/sited\/wp-json\/wp\/v2\/types\/post"}],"author":[{"embeddable":true,"href":"https:\/\/sertaneja95fm.com.br\/sited\/wp-json\/wp\/v2\/users\/2"}],"replies":[{"embeddable":true,"href":"https:\/\/sertaneja95fm.com.br\/sited\/wp-json\/wp\/v2\/comments?post=9090"}],"version-history":[{"count":2,"href":"https:\/\/sertaneja95fm.com.br\/sited\/wp-json\/wp\/v2\/posts\/9090\/revisions"}],"predecessor-version":[{"id":9095,"href":"https:\/\/sertaneja95fm.com.br\/sited\/wp-json\/wp\/v2\/posts\/9090\/revisions\/9095"}],"wp:featuredmedia":[{"embeddable":true,"href":"https:\/\/sertaneja95fm.com.br\/sited\/wp-json\/wp\/v2\/media\/9093"}],"wp:attachment":[{"href":"https:\/\/sertaneja95fm.com.br\/sited\/wp-json\/wp\/v2\/media?parent=9090"}],"wp:term":[{"taxonomy":"category","embeddable":true,"href":"https:\/\/sertaneja95fm.com.br\/sited\/wp-json\/wp\/v2\/categories?post=9090"},{"taxonomy":"post_tag","embeddable":true,"href":"https:\/\/sertaneja95fm.com.br\/sited\/wp-json\/wp\/v2\/tags?post=9090"}],"curies":[{"name":"wp","href":"https:\/\/api.w.org\/{rel}","templated":true}]}}