{"id":9099,"date":"2024-03-13T15:01:32","date_gmt":"2024-03-13T18:01:32","guid":{"rendered":"https:\/\/sertaneja95fm.com.br\/?p=9099"},"modified":"2024-03-13T15:01:32","modified_gmt":"2024-03-13T18:01:32","slug":"chuva-no-serido-acude-dourado-e-gargalheiras-recebem-mais-uma-recarga-hidrica","status":"publish","type":"post","link":"https:\/\/sertaneja95fm.com.br\/sited\/chuva-no-serido-acude-dourado-e-gargalheiras-recebem-mais-uma-recarga-hidrica\/","title":{"rendered":"Chuva No Serid\u00f3: A\u00e7ude Dourado E Gargalheiras Recebem Mais Uma Recarga H\u00eddrica"},"content":{"rendered":"\n<p>A manh\u00e3 desta quarta-feira (13), trouxe mais boas not\u00edcias para o sertanejo, a\u00e7udes da regi\u00e3o continuam sangrando e as \u00e1guas seguem para os principais reservat\u00f3rios, aumentando assim, o volume de \u00e1gua do A\u00e7ude Dourado e o Gargalheiras em Acari. A medi\u00e7\u00e3o de ambos atualizada no dia de hoje, mostra que o inverno pode ser o melhor dos \u00faltimos 3 anos, o A\u00e7ude Dourado recebeu mais 51cm, faltando 1 metro para transbordar, j\u00e1 o A\u00e7ude gargalheiras recebeu mais 06 cm em seu volume de \u00e1gua, passando ent\u00e3o dos 10% da sua capacidade.<\/p>\n\n\n\n<p><\/p>\n","protected":false},"excerpt":{"rendered":"<p>A manh\u00e3 desta quarta-feira (13), trouxe mais boas not\u00edcias para o sertanejo, a\u00e7udes da regi\u00e3o continuam sangrando e as \u00e1guas seguem para os principais reservat\u00f3rios, aumentando assim, o volume de \u00e1gua do A\u00e7ude Dourado e o Gargalheiras em Acari. A medi\u00e7\u00e3o de ambos atualizada no dia de hoje, mostra que o inverno pode ser o [&hellip;]<\/p>\n","protected":false},"author":2,"featured_media":9100,"comment_status":"open","ping_status":"open","sticky":false,"template":"","format":"standard","meta":{"footnotes":""},"categories":[3,4,5,6,7,8],"tags":[],"class_list":["post-9099","post","type-post","status-publish","format-standard","has-post-thumbnail","hentry","category-destaque","category-locais","category-noticias","category-podcasts","category-sem-categoria","category-ultimas"],"aioseo_notices":[],"_links":{"self":[{"href":"https:\/\/sertaneja95fm.com.br\/sited\/wp-json\/wp\/v2\/posts\/9099","targetHints":{"allow":["GET"]}}],"collection":[{"href":"https:\/\/sertaneja95fm.com.br\/sited\/wp-json\/wp\/v2\/posts"}],"about":[{"href":"https:\/\/sertaneja95fm.com.br\/sited\/wp-json\/wp\/v2\/types\/post"}],"author":[{"embeddable":true,"href":"https:\/\/sertaneja95fm.com.br\/sited\/wp-json\/wp\/v2\/users\/2"}],"replies":[{"embeddable":true,"href":"https:\/\/sertaneja95fm.com.br\/sited\/wp-json\/wp\/v2\/comments?post=9099"}],"version-history":[{"count":1,"href":"https:\/\/sertaneja95fm.com.br\/sited\/wp-json\/wp\/v2\/posts\/9099\/revisions"}],"predecessor-version":[{"id":9101,"href":"https:\/\/sertaneja95fm.com.br\/sited\/wp-json\/wp\/v2\/posts\/9099\/revisions\/9101"}],"wp:featuredmedia":[{"embeddable":true,"href":"https:\/\/sertaneja95fm.com.br\/sited\/wp-json\/wp\/v2\/media\/9100"}],"wp:attachment":[{"href":"https:\/\/sertaneja95fm.com.br\/sited\/wp-json\/wp\/v2\/media?parent=9099"}],"wp:term":[{"taxonomy":"category","embeddable":true,"href":"https:\/\/sertaneja95fm.com.br\/sited\/wp-json\/wp\/v2\/categories?post=9099"},{"taxonomy":"post_tag","embeddable":true,"href":"https:\/\/sertaneja95fm.com.br\/sited\/wp-json\/wp\/v2\/tags?post=9099"}],"curies":[{"name":"wp","href":"https:\/\/api.w.org\/{rel}","templated":true}]}}