{"id":9102,"date":"2024-03-13T15:03:42","date_gmt":"2024-03-13T18:03:42","guid":{"rendered":"https:\/\/sertaneja95fm.com.br\/?p=9102"},"modified":"2024-03-13T15:04:34","modified_gmt":"2024-03-13T18:04:34","slug":"acidente-proximo-a-campo-redondo-na-br-226-deixa-uma-vitima-fatal","status":"publish","type":"post","link":"https:\/\/sertaneja95fm.com.br\/sited\/acidente-proximo-a-campo-redondo-na-br-226-deixa-uma-vitima-fatal\/","title":{"rendered":"Acidente Pr\u00f3ximo a Campo Redondo Na BR 226 Deixa Uma V\u00edtima Fatal"},"content":{"rendered":"\n<p>Um acidente, envolvendo um caminh\u00e3o carregado de gesso, foi registrado na manh\u00e3 desta quarta-feira (13), na BR 226 entre Campo Redondo e Santa Cruz, nas proximidades da Comunidade Malhada Vermelha Km 130 da BR 226, segundo informa\u00e7\u00f5es da PRF, o acidente tipo tombamento, aconteceu por volta das 06h30. O condutor do ve\u00edculo faleceu no local. ITEP e Pol\u00edcia Civil foram acionados. Ainda n\u00e3o se sabe o que teria causado o acidente.<\/p>\n\n\n\n<p>Foto: reprodu\u00e7\u00e3o<\/p>\n","protected":false},"excerpt":{"rendered":"<p>Um acidente, envolvendo um caminh\u00e3o carregado de gesso, foi registrado na manh\u00e3 desta quarta-feira (13), na BR 226 entre Campo Redondo e Santa Cruz, nas proximidades da Comunidade Malhada Vermelha Km 130 da BR 226, segundo informa\u00e7\u00f5es da PRF, o acidente tipo tombamento, aconteceu por volta das 06h30. O condutor do ve\u00edculo faleceu no local. [&hellip;]<\/p>\n","protected":false},"author":2,"featured_media":9103,"comment_status":"open","ping_status":"open","sticky":false,"template":"","format":"standard","meta":{"footnotes":""},"categories":[3,4,5,6,7,8],"tags":[],"class_list":["post-9102","post","type-post","status-publish","format-standard","has-post-thumbnail","hentry","category-destaque","category-locais","category-noticias","category-podcasts","category-sem-categoria","category-ultimas"],"aioseo_notices":[],"_links":{"self":[{"href":"https:\/\/sertaneja95fm.com.br\/sited\/wp-json\/wp\/v2\/posts\/9102","targetHints":{"allow":["GET"]}}],"collection":[{"href":"https:\/\/sertaneja95fm.com.br\/sited\/wp-json\/wp\/v2\/posts"}],"about":[{"href":"https:\/\/sertaneja95fm.com.br\/sited\/wp-json\/wp\/v2\/types\/post"}],"author":[{"embeddable":true,"href":"https:\/\/sertaneja95fm.com.br\/sited\/wp-json\/wp\/v2\/users\/2"}],"replies":[{"embeddable":true,"href":"https:\/\/sertaneja95fm.com.br\/sited\/wp-json\/wp\/v2\/comments?post=9102"}],"version-history":[{"count":2,"href":"https:\/\/sertaneja95fm.com.br\/sited\/wp-json\/wp\/v2\/posts\/9102\/revisions"}],"predecessor-version":[{"id":9105,"href":"https:\/\/sertaneja95fm.com.br\/sited\/wp-json\/wp\/v2\/posts\/9102\/revisions\/9105"}],"wp:featuredmedia":[{"embeddable":true,"href":"https:\/\/sertaneja95fm.com.br\/sited\/wp-json\/wp\/v2\/media\/9103"}],"wp:attachment":[{"href":"https:\/\/sertaneja95fm.com.br\/sited\/wp-json\/wp\/v2\/media?parent=9102"}],"wp:term":[{"taxonomy":"category","embeddable":true,"href":"https:\/\/sertaneja95fm.com.br\/sited\/wp-json\/wp\/v2\/categories?post=9102"},{"taxonomy":"post_tag","embeddable":true,"href":"https:\/\/sertaneja95fm.com.br\/sited\/wp-json\/wp\/v2\/tags?post=9102"}],"curies":[{"name":"wp","href":"https:\/\/api.w.org\/{rel}","templated":true}]}}