{"id":9106,"date":"2024-03-19T13:21:25","date_gmt":"2024-03-19T16:21:25","guid":{"rendered":"https:\/\/sertaneja95fm.com.br\/?p=9106"},"modified":"2024-03-19T13:21:26","modified_gmt":"2024-03-19T16:21:26","slug":"gargalheiras-toma-nova-recarga-e-chega-aos-30-de-sua-capacidade","status":"publish","type":"post","link":"https:\/\/sertaneja95fm.com.br\/sited\/gargalheiras-toma-nova-recarga-e-chega-aos-30-de-sua-capacidade\/","title":{"rendered":"Gargalheiras toma nova recarga e chega aos 30% de sua capacidade"},"content":{"rendered":"\n<p>A medi\u00e7\u00e3o feita nesta manh\u00e3 por equipes da Companhia de \u00c1guas e Esgotos do Rio Grande do Norte (Caern) no A\u00e7ude Gargalheiras, em Acari, mostra nova recarga que deixa o manancial com mais de 30% de sua capacidade total.<\/p>\n\n\n\n<p>Segundo o registro, o reservat\u00f3rio chegou a 30,57% de sua capacidade, com 13,5 milh\u00f5es de metros c\u00fabicos. Do jeito que est\u00e1 atualmente, o manancial falta, nas r\u00e9guas, 5,29 metros para transbordar, algo que n\u00e3o ocorre desde o ano de 2011.<\/p>\n\n\n\n<p>Desde o in\u00edcio do per\u00edodo chuvoso, no dia 18 de fevereiro, j\u00e1 s\u00e3o 9,32 metros de avan\u00e7o de \u00e1gua nas r\u00e9guas do manancial.<\/p>\n\n\n\n<p>blog do Ismael Medeiros <\/p>\n","protected":false},"excerpt":{"rendered":"<p>A medi\u00e7\u00e3o feita nesta manh\u00e3 por equipes da Companhia de \u00c1guas e Esgotos do Rio Grande do Norte (Caern) no A\u00e7ude Gargalheiras, em Acari, mostra nova recarga que deixa o manancial com mais de 30% de sua capacidade total. Segundo o registro, o reservat\u00f3rio chegou a 30,57% de sua capacidade, com 13,5 milh\u00f5es de metros [&hellip;]<\/p>\n","protected":false},"author":2,"featured_media":9107,"comment_status":"open","ping_status":"open","sticky":false,"template":"","format":"standard","meta":{"footnotes":""},"categories":[9,3,4,5,6,7,8],"tags":[],"class_list":["post-9106","post","type-post","status-publish","format-standard","has-post-thumbnail","hentry","category-9","category-destaque","category-locais","category-noticias","category-podcasts","category-sem-categoria","category-ultimas"],"aioseo_notices":[],"_links":{"self":[{"href":"https:\/\/sertaneja95fm.com.br\/sited\/wp-json\/wp\/v2\/posts\/9106","targetHints":{"allow":["GET"]}}],"collection":[{"href":"https:\/\/sertaneja95fm.com.br\/sited\/wp-json\/wp\/v2\/posts"}],"about":[{"href":"https:\/\/sertaneja95fm.com.br\/sited\/wp-json\/wp\/v2\/types\/post"}],"author":[{"embeddable":true,"href":"https:\/\/sertaneja95fm.com.br\/sited\/wp-json\/wp\/v2\/users\/2"}],"replies":[{"embeddable":true,"href":"https:\/\/sertaneja95fm.com.br\/sited\/wp-json\/wp\/v2\/comments?post=9106"}],"version-history":[{"count":1,"href":"https:\/\/sertaneja95fm.com.br\/sited\/wp-json\/wp\/v2\/posts\/9106\/revisions"}],"predecessor-version":[{"id":9108,"href":"https:\/\/sertaneja95fm.com.br\/sited\/wp-json\/wp\/v2\/posts\/9106\/revisions\/9108"}],"wp:featuredmedia":[{"embeddable":true,"href":"https:\/\/sertaneja95fm.com.br\/sited\/wp-json\/wp\/v2\/media\/9107"}],"wp:attachment":[{"href":"https:\/\/sertaneja95fm.com.br\/sited\/wp-json\/wp\/v2\/media?parent=9106"}],"wp:term":[{"taxonomy":"category","embeddable":true,"href":"https:\/\/sertaneja95fm.com.br\/sited\/wp-json\/wp\/v2\/categories?post=9106"},{"taxonomy":"post_tag","embeddable":true,"href":"https:\/\/sertaneja95fm.com.br\/sited\/wp-json\/wp\/v2\/tags?post=9106"}],"curies":[{"name":"wp","href":"https:\/\/api.w.org\/{rel}","templated":true}]}}