{"id":9109,"date":"2024-03-19T13:29:09","date_gmt":"2024-03-19T16:29:09","guid":{"rendered":"https:\/\/sertaneja95fm.com.br\/?p=9109"},"modified":"2024-03-19T13:29:54","modified_gmt":"2024-03-19T16:29:54","slug":"apostador-currais-novense-rei-dos-cantos-comemora-aniversario-de-23-anos-com-grande-festa","status":"publish","type":"post","link":"https:\/\/sertaneja95fm.com.br\/sited\/apostador-currais-novense-rei-dos-cantos-comemora-aniversario-de-23-anos-com-grande-festa\/","title":{"rendered":"Apostador currais-novense, \u201cRei dos Cantos\u201d comemora anivers\u00e1rio de 23 anos com grande festa"},"content":{"rendered":"\n<p>O jovem Lucas Vinicius, o Rei dos Cantos, teve uma noite especial nesta segunda-feira (18). O apostador esportivo recebeu amigos e familiares para comemora\u00e7\u00e3o do seu anivers\u00e1rio de 23 anos.<\/p>\n\n\n\n<p>Sob a anima\u00e7\u00e3o de Banda Grafith, Douglas Pegador, Cavaleiros do Forr\u00f3 e Sistema Nervoso, o jovem caiu na festa em plena segunda-feira. Ele refor\u00e7ou os la\u00e7os criados com amigos de inf\u00e2ncia e valorizou os la\u00e7os familiares t\u00e3o importantes para a constru\u00e7\u00e3o do seu \u201creinado\u201d.<\/p>\n\n\n\n<p>\u201cFa\u00e7o quest\u00e3o de estar com meus familiares nesse momento. Aqui est\u00e3o meus amigos pr\u00f3ximos, aqueles que cresceram comigo. Todos aqui s\u00e3o fundamentais para que eu possa ter chegado at\u00e9 aqui\u201d, afirma Lucas.<\/p>\n\n\n\n<p>O \u201cRei dos Cantos\u201d aposta desde os 15 anos. Seu sucesso com as apostas esportivas atra\u00edram pessoas de todo o Brasil para o seu grupo VIP, onde outros apostadores tem acesso \u00e0s apostas que ele faz. Atualmente, seu grupo possui uma base de 2 mil pessoas e a ideia \u00e9 seguir expandindo sua atua\u00e7\u00e3o.<\/p>\n\n\n\n<p>\u201cQuero seguir nesse caminho, crescendo sem pisar em ningu\u00e9m. Que Deus possa continuar me aben\u00e7oando nesse caminho\u201d, finalizou.<\/p>\n\n\n\n<p>blog do Isamel Medeiros <\/p>\n\n\n\n<p>Foto: Reprodu\u00e7\u00e3o <\/p>\n","protected":false},"excerpt":{"rendered":"<p>O jovem Lucas Vinicius, o Rei dos Cantos, teve uma noite especial nesta segunda-feira (18). O apostador esportivo recebeu amigos e familiares para comemora\u00e7\u00e3o do seu anivers\u00e1rio de 23 anos. Sob a anima\u00e7\u00e3o de Banda Grafith, Douglas Pegador, Cavaleiros do Forr\u00f3 e Sistema Nervoso, o jovem caiu na festa em plena segunda-feira. Ele refor\u00e7ou os [&hellip;]<\/p>\n","protected":false},"author":2,"featured_media":9110,"comment_status":"open","ping_status":"open","sticky":false,"template":"","format":"standard","meta":{"footnotes":""},"categories":[9,3,4,5,6,7,8],"tags":[],"class_list":["post-9109","post","type-post","status-publish","format-standard","has-post-thumbnail","hentry","category-9","category-destaque","category-locais","category-noticias","category-podcasts","category-sem-categoria","category-ultimas"],"aioseo_notices":[],"_links":{"self":[{"href":"https:\/\/sertaneja95fm.com.br\/sited\/wp-json\/wp\/v2\/posts\/9109","targetHints":{"allow":["GET"]}}],"collection":[{"href":"https:\/\/sertaneja95fm.com.br\/sited\/wp-json\/wp\/v2\/posts"}],"about":[{"href":"https:\/\/sertaneja95fm.com.br\/sited\/wp-json\/wp\/v2\/types\/post"}],"author":[{"embeddable":true,"href":"https:\/\/sertaneja95fm.com.br\/sited\/wp-json\/wp\/v2\/users\/2"}],"replies":[{"embeddable":true,"href":"https:\/\/sertaneja95fm.com.br\/sited\/wp-json\/wp\/v2\/comments?post=9109"}],"version-history":[{"count":2,"href":"https:\/\/sertaneja95fm.com.br\/sited\/wp-json\/wp\/v2\/posts\/9109\/revisions"}],"predecessor-version":[{"id":9113,"href":"https:\/\/sertaneja95fm.com.br\/sited\/wp-json\/wp\/v2\/posts\/9109\/revisions\/9113"}],"wp:featuredmedia":[{"embeddable":true,"href":"https:\/\/sertaneja95fm.com.br\/sited\/wp-json\/wp\/v2\/media\/9110"}],"wp:attachment":[{"href":"https:\/\/sertaneja95fm.com.br\/sited\/wp-json\/wp\/v2\/media?parent=9109"}],"wp:term":[{"taxonomy":"category","embeddable":true,"href":"https:\/\/sertaneja95fm.com.br\/sited\/wp-json\/wp\/v2\/categories?post=9109"},{"taxonomy":"post_tag","embeddable":true,"href":"https:\/\/sertaneja95fm.com.br\/sited\/wp-json\/wp\/v2\/tags?post=9109"}],"curies":[{"name":"wp","href":"https:\/\/api.w.org\/{rel}","templated":true}]}}