{"id":9114,"date":"2024-03-19T14:22:02","date_gmt":"2024-03-19T17:22:02","guid":{"rendered":"https:\/\/sertaneja95fm.com.br\/?p=9114"},"modified":"2024-03-19T14:22:02","modified_gmt":"2024-03-19T17:22:02","slug":"concurso-para-professores-e-tecnicos-administrativos-dos-tres-novos-campi-do-ifrn-deve-ser-realizado-ate-2025-diz-mec","status":"publish","type":"post","link":"https:\/\/sertaneja95fm.com.br\/sited\/concurso-para-professores-e-tecnicos-administrativos-dos-tres-novos-campi-do-ifrn-deve-ser-realizado-ate-2025-diz-mec\/","title":{"rendered":"Concurso para professores e t\u00e9cnicos-administrativos dos tr\u00eas novos campi do IFRN deve ser realizado at\u00e9 2025, diz MEC"},"content":{"rendered":"\n<p>O concurso para contrata\u00e7\u00e3o de professores e t\u00e9cnicos-administrativos para os tr\u00eas novos campi do Instituto Federal do Rio Grande do Norte (IFRN) deve ser realizado at\u00e9 2025. A informa\u00e7\u00e3o foi confirmada pelo Minist\u00e9rio da Educa\u00e7\u00e3o (MEC).<\/p>\n\n\n\n<p>O an\u00fancio dos 3 novos campi no RN&nbsp;<a class=\"\" href=\"https:\/\/g1.globo.com\/rn\/rio-grande-do-norte\/noticia\/2024\/03\/12\/governo-federal-anuncia-3-novos-campi-de-institutos-federais-de-educacao-no-rn.ghtml\">foi feito no dia 12 de mar\u00e7o pelo governo federal<\/a>. As novas unidades ser\u00e3o em Touros, S\u00e3o Miguel e Umaizal e&nbsp;<a class=\"\" href=\"https:\/\/g1.globo.com\/rn\/rio-grande-do-norte\/noticia\/2024\/03\/13\/novos-campi-do-ifrn-anunciados-pelo-governo-federal-vao-funcionar-em-predios-cedidos-pelo-estado.ghtml\">v\u00e3o funcionar em pr\u00e9dios cedidos pelo governo do estado<\/a>.<\/p>\n\n\n\n<p>Apesar disso, de acordo com o MEC, toda a gest\u00e3o ser\u00e1 federal e as unidades receber\u00e3o recursos para equipamentos, mobili\u00e1rio e eventualmente outras obras de infraestrutura.<\/p>\n\n\n\n<h2 class=\"wp-block-heading\">Concurso<\/h2>\n\n\n\n<p>Em m\u00e9dia, cada unidade do Instituto Federal tem capacidade para atender 1.400 estudantes e a expectativa \u00e9 que seja realizado&nbsp;<strong>concurso para contrata\u00e7\u00e3o de 70 professores e 45 t\u00e9cnicos-administrativos para cada uma das tr\u00eas novas unidades<\/strong>.<\/p>\n\n\n\n<p>O Minist\u00e9rio da Educa\u00e7\u00e3o informou que trabalha na minuta do projeto de lei que ser\u00e1 enviada ao Minist\u00e9rio da Gest\u00e3o e da Inova\u00e7\u00e3o em Servi\u00e7os P\u00fablicos (MGI) para defini\u00e7\u00e3o do n\u00famero de vagas para cada nova unidade do IFRN. Depois disso, o projeto de lei ser\u00e1 enviado ao Congresso para vota\u00e7\u00e3o.<\/p>\n\n\n\n<h2 class=\"wp-block-heading\">Novos IFs<\/h2>\n\n\n\n<p>Os tr\u00eas novos campi do IFRN v\u00e3o funcionar em pr\u00e9dios que est\u00e3o sendo constru\u00eddos pelo governo do estado em Touros, S\u00e3o Miguel e Umarizal.<\/p>\n\n\n\n<p>G1RN<\/p>\n","protected":false},"excerpt":{"rendered":"<p>O concurso para contrata\u00e7\u00e3o de professores e t\u00e9cnicos-administrativos para os tr\u00eas novos campi do Instituto Federal do Rio Grande do Norte (IFRN) deve ser realizado at\u00e9 2025. A informa\u00e7\u00e3o foi confirmada pelo Minist\u00e9rio da Educa\u00e7\u00e3o (MEC). O an\u00fancio dos 3 novos campi no RN&nbsp;foi feito no dia 12 de mar\u00e7o pelo governo federal. As novas [&hellip;]<\/p>\n","protected":false},"author":2,"featured_media":9115,"comment_status":"open","ping_status":"open","sticky":false,"template":"","format":"standard","meta":{"footnotes":""},"categories":[9,3,4,5,6,7,8],"tags":[],"class_list":["post-9114","post","type-post","status-publish","format-standard","has-post-thumbnail","hentry","category-9","category-destaque","category-locais","category-noticias","category-podcasts","category-sem-categoria","category-ultimas"],"aioseo_notices":[],"_links":{"self":[{"href":"https:\/\/sertaneja95fm.com.br\/sited\/wp-json\/wp\/v2\/posts\/9114","targetHints":{"allow":["GET"]}}],"collection":[{"href":"https:\/\/sertaneja95fm.com.br\/sited\/wp-json\/wp\/v2\/posts"}],"about":[{"href":"https:\/\/sertaneja95fm.com.br\/sited\/wp-json\/wp\/v2\/types\/post"}],"author":[{"embeddable":true,"href":"https:\/\/sertaneja95fm.com.br\/sited\/wp-json\/wp\/v2\/users\/2"}],"replies":[{"embeddable":true,"href":"https:\/\/sertaneja95fm.com.br\/sited\/wp-json\/wp\/v2\/comments?post=9114"}],"version-history":[{"count":1,"href":"https:\/\/sertaneja95fm.com.br\/sited\/wp-json\/wp\/v2\/posts\/9114\/revisions"}],"predecessor-version":[{"id":9116,"href":"https:\/\/sertaneja95fm.com.br\/sited\/wp-json\/wp\/v2\/posts\/9114\/revisions\/9116"}],"wp:featuredmedia":[{"embeddable":true,"href":"https:\/\/sertaneja95fm.com.br\/sited\/wp-json\/wp\/v2\/media\/9115"}],"wp:attachment":[{"href":"https:\/\/sertaneja95fm.com.br\/sited\/wp-json\/wp\/v2\/media?parent=9114"}],"wp:term":[{"taxonomy":"category","embeddable":true,"href":"https:\/\/sertaneja95fm.com.br\/sited\/wp-json\/wp\/v2\/categories?post=9114"},{"taxonomy":"post_tag","embeddable":true,"href":"https:\/\/sertaneja95fm.com.br\/sited\/wp-json\/wp\/v2\/tags?post=9114"}],"curies":[{"name":"wp","href":"https:\/\/api.w.org\/{rel}","templated":true}]}}