{"id":9133,"date":"2024-03-26T14:04:05","date_gmt":"2024-03-26T17:04:05","guid":{"rendered":"https:\/\/sertaneja95fm.com.br\/?p=9133"},"modified":"2024-03-26T14:04:30","modified_gmt":"2024-03-26T17:04:30","slug":"programa-pe-de-meia-beneficia-mais-de-55-mil-estudantes-da-rede-estadual-no-rn-afirma-governo","status":"publish","type":"post","link":"https:\/\/sertaneja95fm.com.br\/sited\/programa-pe-de-meia-beneficia-mais-de-55-mil-estudantes-da-rede-estadual-no-rn-afirma-governo\/","title":{"rendered":"Programa P\u00e9-de-Meia beneficia mais de 55 mil estudantes da rede estadual no RN, afirma governo"},"content":{"rendered":"\n<p><\/p>\n\n\n\n<p>No Rio Grande do Norte, mais de 55 mil estudantes da rede estadual foram aprovados no programa P\u00e9-de-Meia, uma iniciativa que visa n\u00e3o apenas incentivar a perman\u00eancia dos jovens no ensino m\u00e9dio, mas tamb\u00e9m mitigar as desigualdades sociais e promover a inclus\u00e3o educacional e social. Os dados dos estudantes foram enviados pela Secretaria de Estado da Educa\u00e7\u00e3o, da Cultura, do Esporte e do Lazer e eles foram selecionados pelo Minist\u00e9rio da Educa\u00e7\u00e3o.<\/p>\n\n\n\n<p>O dado foi divulgado na manh\u00e3 desta segunda-feira, data que foi marcada pelo an\u00fancio do pagamento da 1\u00aa parcela do P\u00e9-de-Meia, em cerim\u00f4nia realizada no Pal\u00e1cio do Planalto, em Bras\u00edlia, com a presen\u00e7a do presidente Lula. r\u00eas estudantes representaram o RN na cerim\u00f4nia, Lara Myrelly, da escola estadual Professor Jos\u00e9 de Freitas Nobre, em Mossor\u00f3, Manuely Tauane, da escola estadual Doutor Mauro Medeiros, em Parelhas, e Keydsson Gabriel, escola estadual Professora Crisan Simineia, em Natal.<\/p>\n\n\n\n<p>Conforme a evolu\u00e7\u00e3o das matr\u00edculas e o processamento dos dados por parte do MEC, mais estudantes poder\u00e3o ser beneficiados no RN.<\/p>\n\n\n\n<p><em>Foto: Reprodu\u00e7\u00e3o<\/em><\/p>\n","protected":false},"excerpt":{"rendered":"<p>No Rio Grande do Norte, mais de 55 mil estudantes da rede estadual foram aprovados no programa P\u00e9-de-Meia, uma iniciativa que visa n\u00e3o apenas incentivar a perman\u00eancia dos jovens no ensino m\u00e9dio, mas tamb\u00e9m mitigar as desigualdades sociais e promover a inclus\u00e3o educacional e social. Os dados dos estudantes foram enviados pela Secretaria de Estado [&hellip;]<\/p>\n","protected":false},"author":2,"featured_media":9134,"comment_status":"open","ping_status":"open","sticky":false,"template":"","format":"standard","meta":{"footnotes":""},"categories":[9,3,4,5,6,7,8],"tags":[],"class_list":["post-9133","post","type-post","status-publish","format-standard","has-post-thumbnail","hentry","category-9","category-destaque","category-locais","category-noticias","category-podcasts","category-sem-categoria","category-ultimas"],"aioseo_notices":[],"_links":{"self":[{"href":"https:\/\/sertaneja95fm.com.br\/sited\/wp-json\/wp\/v2\/posts\/9133","targetHints":{"allow":["GET"]}}],"collection":[{"href":"https:\/\/sertaneja95fm.com.br\/sited\/wp-json\/wp\/v2\/posts"}],"about":[{"href":"https:\/\/sertaneja95fm.com.br\/sited\/wp-json\/wp\/v2\/types\/post"}],"author":[{"embeddable":true,"href":"https:\/\/sertaneja95fm.com.br\/sited\/wp-json\/wp\/v2\/users\/2"}],"replies":[{"embeddable":true,"href":"https:\/\/sertaneja95fm.com.br\/sited\/wp-json\/wp\/v2\/comments?post=9133"}],"version-history":[{"count":2,"href":"https:\/\/sertaneja95fm.com.br\/sited\/wp-json\/wp\/v2\/posts\/9133\/revisions"}],"predecessor-version":[{"id":9136,"href":"https:\/\/sertaneja95fm.com.br\/sited\/wp-json\/wp\/v2\/posts\/9133\/revisions\/9136"}],"wp:featuredmedia":[{"embeddable":true,"href":"https:\/\/sertaneja95fm.com.br\/sited\/wp-json\/wp\/v2\/media\/9134"}],"wp:attachment":[{"href":"https:\/\/sertaneja95fm.com.br\/sited\/wp-json\/wp\/v2\/media?parent=9133"}],"wp:term":[{"taxonomy":"category","embeddable":true,"href":"https:\/\/sertaneja95fm.com.br\/sited\/wp-json\/wp\/v2\/categories?post=9133"},{"taxonomy":"post_tag","embeddable":true,"href":"https:\/\/sertaneja95fm.com.br\/sited\/wp-json\/wp\/v2\/tags?post=9133"}],"curies":[{"name":"wp","href":"https:\/\/api.w.org\/{rel}","templated":true}]}}