{"id":9137,"date":"2024-03-26T14:23:06","date_gmt":"2024-03-26T17:23:06","guid":{"rendered":"https:\/\/sertaneja95fm.com.br\/?p=9137"},"modified":"2024-03-26T14:23:07","modified_gmt":"2024-03-26T17:23:07","slug":"motoristas-de-app-fazem-protesto-em-frente-a-assembleia-legislativa","status":"publish","type":"post","link":"https:\/\/sertaneja95fm.com.br\/sited\/motoristas-de-app-fazem-protesto-em-frente-a-assembleia-legislativa\/","title":{"rendered":"Motoristas de app fazem protesto em frente \u00e0 Assembleia Legislativa"},"content":{"rendered":"\n<p><\/p>\n\n\n\n<p>Os motoristas e representantes de aplicativos da capital potiguar se uniram, na manh\u00e3 desta ter\u00e7a-feira (26), na pra\u00e7a em frente \u00e0 Assembleia Legislativa do Rio Grande do Norte, para manifestar preocupa\u00e7\u00f5es em rela\u00e7\u00e3o \u00e0 PLP 12\/2024.<\/p>\n\n\n\n<p>O PLP trata da regulamenta\u00e7\u00e3o do v\u00ednculo empregat\u00edcio dos motoristas de aplicativos de transporte remunerado individual de passageiros.<\/p>\n\n\n\n<p>O documento destaca que a imposi\u00e7\u00e3o de prazos curtos pode representar riscos para uma atividade que sustenta a renda de mais de um milh\u00e3o de trabalhadores, al\u00e9m de afetar a presta\u00e7\u00e3o de servi\u00e7os para milh\u00f5es de usu\u00e1rios que dependem dos aplicativos, especialmente em locais com transporte p\u00fablico limitado.<\/p>\n\n\n\n<p>BG<\/p>\n\n\n\n<p>Foto: reprodu\u00e7\u00e3o<\/p>\n","protected":false},"excerpt":{"rendered":"<p>Os motoristas e representantes de aplicativos da capital potiguar se uniram, na manh\u00e3 desta ter\u00e7a-feira (26), na pra\u00e7a em frente \u00e0 Assembleia Legislativa do Rio Grande do Norte, para manifestar preocupa\u00e7\u00f5es em rela\u00e7\u00e3o \u00e0 PLP 12\/2024. O PLP trata da regulamenta\u00e7\u00e3o do v\u00ednculo empregat\u00edcio dos motoristas de aplicativos de transporte remunerado individual de passageiros. O [&hellip;]<\/p>\n","protected":false},"author":2,"featured_media":9140,"comment_status":"open","ping_status":"open","sticky":false,"template":"","format":"standard","meta":{"footnotes":""},"categories":[9,3,4,5,6,8],"tags":[],"class_list":["post-9137","post","type-post","status-publish","format-standard","has-post-thumbnail","hentry","category-9","category-destaque","category-locais","category-noticias","category-podcasts","category-ultimas"],"aioseo_notices":[],"_links":{"self":[{"href":"https:\/\/sertaneja95fm.com.br\/sited\/wp-json\/wp\/v2\/posts\/9137","targetHints":{"allow":["GET"]}}],"collection":[{"href":"https:\/\/sertaneja95fm.com.br\/sited\/wp-json\/wp\/v2\/posts"}],"about":[{"href":"https:\/\/sertaneja95fm.com.br\/sited\/wp-json\/wp\/v2\/types\/post"}],"author":[{"embeddable":true,"href":"https:\/\/sertaneja95fm.com.br\/sited\/wp-json\/wp\/v2\/users\/2"}],"replies":[{"embeddable":true,"href":"https:\/\/sertaneja95fm.com.br\/sited\/wp-json\/wp\/v2\/comments?post=9137"}],"version-history":[{"count":1,"href":"https:\/\/sertaneja95fm.com.br\/sited\/wp-json\/wp\/v2\/posts\/9137\/revisions"}],"predecessor-version":[{"id":9141,"href":"https:\/\/sertaneja95fm.com.br\/sited\/wp-json\/wp\/v2\/posts\/9137\/revisions\/9141"}],"wp:featuredmedia":[{"embeddable":true,"href":"https:\/\/sertaneja95fm.com.br\/sited\/wp-json\/wp\/v2\/media\/9140"}],"wp:attachment":[{"href":"https:\/\/sertaneja95fm.com.br\/sited\/wp-json\/wp\/v2\/media?parent=9137"}],"wp:term":[{"taxonomy":"category","embeddable":true,"href":"https:\/\/sertaneja95fm.com.br\/sited\/wp-json\/wp\/v2\/categories?post=9137"},{"taxonomy":"post_tag","embeddable":true,"href":"https:\/\/sertaneja95fm.com.br\/sited\/wp-json\/wp\/v2\/tags?post=9137"}],"curies":[{"name":"wp","href":"https:\/\/api.w.org\/{rel}","templated":true}]}}