{"id":9143,"date":"2024-04-02T14:48:55","date_gmt":"2024-04-02T17:48:55","guid":{"rendered":"https:\/\/sertaneja95fm.com.br\/?p=9143"},"modified":"2024-04-02T14:48:55","modified_gmt":"2024-04-02T17:48:55","slug":"gargalheiras-esta-com-9237-da-sua-capacidade-faltando-43-centimetros-para-sangrar","status":"publish","type":"post","link":"https:\/\/sertaneja95fm.com.br\/sited\/gargalheiras-esta-com-9237-da-sua-capacidade-faltando-43-centimetros-para-sangrar\/","title":{"rendered":"Gargalheiras est\u00e1 com 92,37% da sua capacidade, faltando 43 cent\u00edmetros para sangrar"},"content":{"rendered":"\n<p>O A\u00e7ude Gargalheiras, em Acari, est\u00e1 cada vez mais perto de transbordar. A medi\u00e7\u00e3o mais recente j\u00e1 feita d\u00e1 conta de 43 cent\u00edmetros para que o manancial alcance sua cota m\u00e1xima. A informa\u00e7\u00e3o foi confirmada por Adelson Santos, chefe do escritor da Caern.<\/p>\n\n\n\n<p><\/p>\n\n\n\n<p><em>Foto: Adriano Campelo<\/em><\/p>\n","protected":false},"excerpt":{"rendered":"<p>O A\u00e7ude Gargalheiras, em Acari, est\u00e1 cada vez mais perto de transbordar. A medi\u00e7\u00e3o mais recente j\u00e1 feita d\u00e1 conta de 43 cent\u00edmetros para que o manancial alcance sua cota m\u00e1xima. A informa\u00e7\u00e3o foi confirmada por Adelson Santos, chefe do escritor da Caern. Foto: Adriano Campelo<\/p>\n","protected":false},"author":2,"featured_media":9144,"comment_status":"open","ping_status":"open","sticky":false,"template":"","format":"standard","meta":{"footnotes":""},"categories":[9,3,4,5,6,7,8],"tags":[],"class_list":["post-9143","post","type-post","status-publish","format-standard","has-post-thumbnail","hentry","category-9","category-destaque","category-locais","category-noticias","category-podcasts","category-sem-categoria","category-ultimas"],"aioseo_notices":[],"_links":{"self":[{"href":"https:\/\/sertaneja95fm.com.br\/sited\/wp-json\/wp\/v2\/posts\/9143","targetHints":{"allow":["GET"]}}],"collection":[{"href":"https:\/\/sertaneja95fm.com.br\/sited\/wp-json\/wp\/v2\/posts"}],"about":[{"href":"https:\/\/sertaneja95fm.com.br\/sited\/wp-json\/wp\/v2\/types\/post"}],"author":[{"embeddable":true,"href":"https:\/\/sertaneja95fm.com.br\/sited\/wp-json\/wp\/v2\/users\/2"}],"replies":[{"embeddable":true,"href":"https:\/\/sertaneja95fm.com.br\/sited\/wp-json\/wp\/v2\/comments?post=9143"}],"version-history":[{"count":1,"href":"https:\/\/sertaneja95fm.com.br\/sited\/wp-json\/wp\/v2\/posts\/9143\/revisions"}],"predecessor-version":[{"id":9145,"href":"https:\/\/sertaneja95fm.com.br\/sited\/wp-json\/wp\/v2\/posts\/9143\/revisions\/9145"}],"wp:featuredmedia":[{"embeddable":true,"href":"https:\/\/sertaneja95fm.com.br\/sited\/wp-json\/wp\/v2\/media\/9144"}],"wp:attachment":[{"href":"https:\/\/sertaneja95fm.com.br\/sited\/wp-json\/wp\/v2\/media?parent=9143"}],"wp:term":[{"taxonomy":"category","embeddable":true,"href":"https:\/\/sertaneja95fm.com.br\/sited\/wp-json\/wp\/v2\/categories?post=9143"},{"taxonomy":"post_tag","embeddable":true,"href":"https:\/\/sertaneja95fm.com.br\/sited\/wp-json\/wp\/v2\/tags?post=9143"}],"curies":[{"name":"wp","href":"https:\/\/api.w.org\/{rel}","templated":true}]}}