{"id":9156,"date":"2024-04-02T15:41:40","date_gmt":"2024-04-02T18:41:40","guid":{"rendered":"https:\/\/sertaneja95fm.com.br\/?p=9156"},"modified":"2024-04-05T16:39:07","modified_gmt":"2024-04-05T19:39:07","slug":"currais-novos-equipe-da-4a-ciretran-realiza-reparo-no-semaforo-da-getulio-vargas","status":"publish","type":"post","link":"https:\/\/sertaneja95fm.com.br\/sited\/currais-novos-equipe-da-4a-ciretran-realiza-reparo-no-semaforo-da-getulio-vargas\/","title":{"rendered":"CURRAIS NOVOS: EQUIPE DA 4\u00aa CIRETRAN REALIZA REPARO NO SEM\u00c1FORO DA GET\u00daLIO VARGAS."},"content":{"rendered":"\r\n<p>O reparo foi realizado \u00e0s 11 horas da manh\u00e3 desta ter\u00e7a-feira (02). Apesar de ter sido consertado na \u00faltima semana, as \u00faltimas chuvas ocasionaram sua inoper\u00e2ncia novamente<\/p>\r\n\r\n\r\n\r\n<figure class=\"wp-block-video\"><video src=\"https:\/\/www.instagram.com\/reel\/C5RMZ15rVHL\/?igsh=aDQ3eHNjOTVhNHBk\" controls=\"controls\" width=\"300\" height=\"150\"><\/video><\/figure>\r\n","protected":false},"excerpt":{"rendered":"<p>O reparo foi realizado \u00e0s 11 horas da manh\u00e3 desta ter\u00e7a-feira (02). Apesar de ter sido consertado na \u00faltima semana, as \u00faltimas chuvas ocasionaram sua inoper\u00e2ncia novamente<\/p>\n","protected":false},"author":2,"featured_media":9157,"comment_status":"open","ping_status":"open","sticky":false,"template":"","format":"standard","meta":{"footnotes":""},"categories":[9,3,4,5,6,7,8],"tags":[],"class_list":["post-9156","post","type-post","status-publish","format-standard","has-post-thumbnail","hentry","category-9","category-destaque","category-locais","category-noticias","category-podcasts","category-sem-categoria","category-ultimas"],"aioseo_notices":[],"_links":{"self":[{"href":"https:\/\/sertaneja95fm.com.br\/sited\/wp-json\/wp\/v2\/posts\/9156","targetHints":{"allow":["GET"]}}],"collection":[{"href":"https:\/\/sertaneja95fm.com.br\/sited\/wp-json\/wp\/v2\/posts"}],"about":[{"href":"https:\/\/sertaneja95fm.com.br\/sited\/wp-json\/wp\/v2\/types\/post"}],"author":[{"embeddable":true,"href":"https:\/\/sertaneja95fm.com.br\/sited\/wp-json\/wp\/v2\/users\/2"}],"replies":[{"embeddable":true,"href":"https:\/\/sertaneja95fm.com.br\/sited\/wp-json\/wp\/v2\/comments?post=9156"}],"version-history":[{"count":2,"href":"https:\/\/sertaneja95fm.com.br\/sited\/wp-json\/wp\/v2\/posts\/9156\/revisions"}],"predecessor-version":[{"id":9181,"href":"https:\/\/sertaneja95fm.com.br\/sited\/wp-json\/wp\/v2\/posts\/9156\/revisions\/9181"}],"wp:featuredmedia":[{"embeddable":true,"href":"https:\/\/sertaneja95fm.com.br\/sited\/wp-json\/wp\/v2\/media\/9157"}],"wp:attachment":[{"href":"https:\/\/sertaneja95fm.com.br\/sited\/wp-json\/wp\/v2\/media?parent=9156"}],"wp:term":[{"taxonomy":"category","embeddable":true,"href":"https:\/\/sertaneja95fm.com.br\/sited\/wp-json\/wp\/v2\/categories?post=9156"},{"taxonomy":"post_tag","embeddable":true,"href":"https:\/\/sertaneja95fm.com.br\/sited\/wp-json\/wp\/v2\/tags?post=9156"}],"curies":[{"name":"wp","href":"https:\/\/api.w.org\/{rel}","templated":true}]}}