{"id":9185,"date":"2024-04-09T15:42:25","date_gmt":"2024-04-09T18:42:25","guid":{"rendered":"https:\/\/sertaneja95fm.com.br\/?p=9185"},"modified":"2024-04-09T15:42:25","modified_gmt":"2024-04-09T18:42:25","slug":"apos-greve-ifrn-recomenda-suspensao-do-calendario-academico-de-2024","status":"publish","type":"post","link":"https:\/\/sertaneja95fm.com.br\/sited\/apos-greve-ifrn-recomenda-suspensao-do-calendario-academico-de-2024\/","title":{"rendered":"Ap\u00f3s greve, IFRN recomenda suspens\u00e3o do calend\u00e1rio acad\u00eamico\u00a0de 2024"},"content":{"rendered":"<p>Nesta segunda-feira (8) o Instituto Federal do Rio Grande do Norte (IFRN) recomendou a suspens\u00e3o do calend\u00e1rio acad\u00eamico de 2024 em todos os seus 22 campis. A medida ocorreu ap\u00f3s reuni\u00e3o com o Col\u00e9gio de Dirigentes do Instituto (Codir\/IFRN), que \u00e9 formado por gestores sist\u00eamicos e diretores-gerais dos campi,e vai acontecer de forma escalonada em datas diferentes, dependendo da avalia\u00e7\u00e3o do contexto de cada unidade.\u00a0<a href=\"https:\/\/saibamais.jor.br\/2024\/04\/greve-dos-servidores-dos-ifs-comeca-nesta-quarta-3\/\">Essa recomenda\u00e7\u00e3o veio ap\u00f3s a greve dos servidores t\u00e9cnicos e administrativos, aprovada\u00a0 em plen\u00e1ria do Sindicato Nacional dos Servidores Federais na Educa\u00e7\u00e3o B\u00e1sica, Profissional e Tecnol\u00f3gica (Sinasefe), sede Natal, na \u00faltima ter\u00e7a-feira (26). A paralisa\u00e7\u00e3o \u00e9 nacional, come\u00e7ou no dia (3) e ser\u00e1 por tempo indeterminado.\u00a0<\/a><\/p>\n<p>A reuni\u00e3o do IFRN ocorreu na manh\u00e3 desta segunda e foi divulgada na tarde de hoje. O reitor do IFRN, professor Jos\u00e9 Arn\u00f3bio, explicou \u00e0\u00a0<strong>Ag\u00eancia Saiba Mais<\/strong>\u00a0que a decis\u00e3o da suspens\u00e3o ocorreu para n\u00e3o prejudicar os alunos do instituto. Isso porque, ap\u00f3s monitoramento das diretorias dos campis, foram constatados alguns problemas, entre eles a log\u00edstica e alimenta\u00e7\u00e3o. Como nem todos os servidores aderiram \u00e0 greve ainda, muitos alunos precisaram se deslocar at\u00e9 as unidades para assistir \u00e0quelas aulas que n\u00e3o pararam. O problema \u00e9 que as prefeituras dos munic\u00edpios pararam de enviar os \u00f4nibus escolares e, consequentemente, os estudantes pararam de conseguir chegar at\u00e9 as institui\u00e7\u00f5es. A paralisa\u00e7\u00e3o das assistentes sociais e nutricionistas tamb\u00e9m foi um problema, afetando diretamente na alimenta\u00e7\u00e3o desses alunos.<\/p>\n<p>&nbsp;<\/p>\n<p>saiba mais<\/p>\n<p>&nbsp;<\/p>\n","protected":false},"excerpt":{"rendered":"<p>Nesta segunda-feira (8) o Instituto Federal do Rio Grande do Norte (IFRN) recomendou a suspens\u00e3o do calend\u00e1rio acad\u00eamico de 2024 em todos os seus 22 campis. A medida ocorreu ap\u00f3s reuni\u00e3o com o Col\u00e9gio de Dirigentes do Instituto (Codir\/IFRN), que \u00e9 formado por gestores sist\u00eamicos e diretores-gerais dos campi,e vai acontecer de forma escalonada em [&hellip;]<\/p>\n","protected":false},"author":2,"featured_media":9187,"comment_status":"open","ping_status":"open","sticky":false,"template":"","format":"standard","meta":{"footnotes":""},"categories":[3,5,8],"tags":[],"class_list":["post-9185","post","type-post","status-publish","format-standard","has-post-thumbnail","hentry","category-destaque","category-noticias","category-ultimas"],"aioseo_notices":[],"_links":{"self":[{"href":"https:\/\/sertaneja95fm.com.br\/sited\/wp-json\/wp\/v2\/posts\/9185","targetHints":{"allow":["GET"]}}],"collection":[{"href":"https:\/\/sertaneja95fm.com.br\/sited\/wp-json\/wp\/v2\/posts"}],"about":[{"href":"https:\/\/sertaneja95fm.com.br\/sited\/wp-json\/wp\/v2\/types\/post"}],"author":[{"embeddable":true,"href":"https:\/\/sertaneja95fm.com.br\/sited\/wp-json\/wp\/v2\/users\/2"}],"replies":[{"embeddable":true,"href":"https:\/\/sertaneja95fm.com.br\/sited\/wp-json\/wp\/v2\/comments?post=9185"}],"version-history":[{"count":1,"href":"https:\/\/sertaneja95fm.com.br\/sited\/wp-json\/wp\/v2\/posts\/9185\/revisions"}],"predecessor-version":[{"id":9188,"href":"https:\/\/sertaneja95fm.com.br\/sited\/wp-json\/wp\/v2\/posts\/9185\/revisions\/9188"}],"wp:featuredmedia":[{"embeddable":true,"href":"https:\/\/sertaneja95fm.com.br\/sited\/wp-json\/wp\/v2\/media\/9187"}],"wp:attachment":[{"href":"https:\/\/sertaneja95fm.com.br\/sited\/wp-json\/wp\/v2\/media?parent=9185"}],"wp:term":[{"taxonomy":"category","embeddable":true,"href":"https:\/\/sertaneja95fm.com.br\/sited\/wp-json\/wp\/v2\/categories?post=9185"},{"taxonomy":"post_tag","embeddable":true,"href":"https:\/\/sertaneja95fm.com.br\/sited\/wp-json\/wp\/v2\/tags?post=9185"}],"curies":[{"name":"wp","href":"https:\/\/api.w.org\/{rel}","templated":true}]}}