{"id":9189,"date":"2024-04-09T15:47:28","date_gmt":"2024-04-09T18:47:28","guid":{"rendered":"https:\/\/sertaneja95fm.com.br\/?p=9189"},"modified":"2024-04-09T15:47:28","modified_gmt":"2024-04-09T18:47:28","slug":"video-delegado-dr-paulo-ferreira-fala-sobre-a-investigacao-de-homem-encontrado-sem-vida-na-tarde-desta-segunda-feira08-em-currais-novos","status":"publish","type":"post","link":"https:\/\/sertaneja95fm.com.br\/sited\/video-delegado-dr-paulo-ferreira-fala-sobre-a-investigacao-de-homem-encontrado-sem-vida-na-tarde-desta-segunda-feira08-em-currais-novos\/","title":{"rendered":"V\u00eddeo: Delegado Dr. Paulo Ferreira fala sobre a investiga\u00e7\u00e3o de homem encontrado sem vida na tarde desta segunda-feira(08) em Currais Novos"},"content":{"rendered":"<div style=\"width: 848px;\" class=\"wp-video\"><video class=\"wp-video-shortcode\" id=\"video-9189-1\" width=\"848\" height=\"480\" preload=\"metadata\" controls=\"controls\"><source type=\"video\/mp4\" src=\"https:\/\/sertaneja95fm.com.br\/sited\/wp-content\/uploads\/2024\/04\/DR-PAULO-FERREIRA.mp4?_=1\" \/><a href=\"https:\/\/sertaneja95fm.com.br\/sited\/wp-content\/uploads\/2024\/04\/DR-PAULO-FERREIRA.mp4\">https:\/\/sertaneja95fm.com.br\/sited\/wp-content\/uploads\/2024\/04\/DR-PAULO-FERREIRA.mp4<\/a><\/video><\/div>\n","protected":false},"excerpt":{"rendered":"","protected":false},"author":2,"featured_media":9191,"comment_status":"open","ping_status":"open","sticky":false,"template":"","format":"standard","meta":{"footnotes":""},"categories":[3,4,5,7,8],"tags":[],"class_list":["post-9189","post","type-post","status-publish","format-standard","has-post-thumbnail","hentry","category-destaque","category-locais","category-noticias","category-sem-categoria","category-ultimas"],"aioseo_notices":[],"_links":{"self":[{"href":"https:\/\/sertaneja95fm.com.br\/sited\/wp-json\/wp\/v2\/posts\/9189","targetHints":{"allow":["GET"]}}],"collection":[{"href":"https:\/\/sertaneja95fm.com.br\/sited\/wp-json\/wp\/v2\/posts"}],"about":[{"href":"https:\/\/sertaneja95fm.com.br\/sited\/wp-json\/wp\/v2\/types\/post"}],"author":[{"embeddable":true,"href":"https:\/\/sertaneja95fm.com.br\/sited\/wp-json\/wp\/v2\/users\/2"}],"replies":[{"embeddable":true,"href":"https:\/\/sertaneja95fm.com.br\/sited\/wp-json\/wp\/v2\/comments?post=9189"}],"version-history":[{"count":1,"href":"https:\/\/sertaneja95fm.com.br\/sited\/wp-json\/wp\/v2\/posts\/9189\/revisions"}],"predecessor-version":[{"id":9192,"href":"https:\/\/sertaneja95fm.com.br\/sited\/wp-json\/wp\/v2\/posts\/9189\/revisions\/9192"}],"wp:featuredmedia":[{"embeddable":true,"href":"https:\/\/sertaneja95fm.com.br\/sited\/wp-json\/wp\/v2\/media\/9191"}],"wp:attachment":[{"href":"https:\/\/sertaneja95fm.com.br\/sited\/wp-json\/wp\/v2\/media?parent=9189"}],"wp:term":[{"taxonomy":"category","embeddable":true,"href":"https:\/\/sertaneja95fm.com.br\/sited\/wp-json\/wp\/v2\/categories?post=9189"},{"taxonomy":"post_tag","embeddable":true,"href":"https:\/\/sertaneja95fm.com.br\/sited\/wp-json\/wp\/v2\/tags?post=9189"}],"curies":[{"name":"wp","href":"https:\/\/api.w.org\/{rel}","templated":true}]}}