{"id":9196,"date":"2024-04-10T16:09:28","date_gmt":"2024-04-10T19:09:28","guid":{"rendered":"https:\/\/sertaneja95fm.com.br\/?p=9196"},"modified":"2024-04-10T16:09:28","modified_gmt":"2024-04-10T19:09:28","slug":"rally-rn-1500-percorre-mais-de-1000-km-entre-o-rio-grande-do-norte-e-a-paraiba-currais-novos-esta-no-roteiro","status":"publish","type":"post","link":"https:\/\/sertaneja95fm.com.br\/sited\/rally-rn-1500-percorre-mais-de-1000-km-entre-o-rio-grande-do-norte-e-a-paraiba-currais-novos-esta-no-roteiro\/","title":{"rendered":"Rally RN 1500 percorre mais de 1000 km entre o Rio Grande do Norte e a Para\u00edba. Currais Novos est\u00e1 no roteiro"},"content":{"rendered":"<p>O Rally RN 1500 est\u00e1 prestes a iniciar sua 26\u00aa edi\u00e7\u00e3o, prometendo emocionar os aficionados por velocidade e aventura, al\u00e9m de impulsionar a economia e encher de entusiasmo as comunidades por onde passa. Com um percurso que atravessa mais de 30 munic\u00edpios nos estados do Rio Grande do Norte e da Para\u00edba, o evento deve alcan\u00e7ar uma popula\u00e7\u00e3o aproximada de 600 mil habitantes, entre os dias 15 e 20 de abril de 2024.<\/p>\n<p>O organizador do evento, Kleber Tinoco, destaca o papel crucial que o Rally RN 1500 desempenha na economia local. \u201cS\u00e3o aproximadamente 50 equipes, 200 competidores, chegando a um total de quase 900 pessoas envolvidas no comboio que ir\u00e1 cruzar os dois estados. A passagem do Rally pelas cidades impacta positivamente diversos setores, movimentando hot\u00e9is, restaurantes e pequenos neg\u00f3cios. Especialmente nas cidades-sede e suas circunvizinhas, como S\u00e3o Miguel do Gostoso (RN), Touros (RN), Guamar\u00e9 (RN) , Acari (RN) e Patos (PB), podemos observar um aumento significativo na atividade econ\u00f4mica\u201d, ressalta Tinoco.<\/p>\n<p>A programa\u00e7\u00e3o deste ano reserva momentos de pura adrenalina e competi\u00e7\u00e3o, com os participantes encarando desafios em diferentes paisagens e terrenos nas seguintes cidades: Touros (RN), S\u00e3o Miguel do Gostoso (RN), Pedra Grande (RN), S\u00e3o Bento do Norte (RN), Cai\u00e7ara do Norte (RN), Galinhos (RN), Guamar\u00e9(RN), Janda\u00edra (RN), Pedra Preta (RN), Lajes (RN), Cerro Cor\u00e1 (RN), Currais Novos (RN), Frei Martinho (PB), Acari (RN), Jardim do Serid\u00f3 (RN), Caic\u00f3 (RN), S\u00e3o Jos\u00e9 do Serid\u00f3 (RN), Cruzeta (RN), Flor\u00e2nia (RN), S\u00e3o Vicente (RN), Parelhas (RN), Ouro Branco (RN), Santana do Serid\u00f3 (RN), S\u00e3o Jos\u00e9 do Sabugi (PB), V\u00e1rzea (PB), Santa Luzia (PB), S\u00e3o Jos\u00e9 das Espinharas (PB), S\u00e3o Mamede (PB), Quixaba (PB) e Patos (PB).<\/p>\n<p>O Rally \u00e9 dividido em seis dias e quatro etapas:<\/p>\n<ul>\n<li>O dia 15\/04 \u00e9 dedicado \u00e0s vistorias das Confedera\u00e7\u00f5es Brasileiras de Automobilismo (CBA) e Motociclismo (CBM) no Condom\u00ednio Vela Santo Cristo, a casa do RN 1500 entre as cidades de Touros e S\u00e3o Miguel do Gostoso.<\/li>\n<li>No dia 16\/04 s\u00e3o realizados os shakedowns das motos, quadriciclos, UTVs e carros, seguido pelo pr\u00f3logo, briefing m\u00e9dico e da abertura oficial e briefing geral da 26\u00aa edi\u00e7\u00e3o do RN 1500.<\/li>\n<li>No dia 17\/04 tem in\u00edcio a 1\u00aa etapa do Rally, com sa\u00edda de S\u00e3o Miguel Do Gostoso e destino a Guamar\u00e9. Esse trecho especial \u00e9 chamado de \u201cRota das Navega\u00e7\u00f5es\u201d e conta com um deslocamento inicial de 33 km, especial de 185 km e deslocamento final de 0 km.<\/li>\n<li>No dia 18\/04 acontece a 2\u00aa etapa, de Guamar\u00e9 a Acari. O deslocamento inicial conta com 30 km, o trecho especial, intitulado \u201cO mar vai virar sert\u00e3o\u201d ter\u00e1 244 km, e o deslocamento final \u00e9 de 0 km.<\/li>\n<li>A 3\u00aa etapa acontece no dia 19\/04, partindo de Acari, percorrendo mais cinco cidades do Serid\u00f3 e retornando a cidade de origem no roteiro nomeado \u201cSert\u00e3o de Pedras\u201d. Ser\u00e3o 82 km de deslocamento inicial, 186 km de especial e mais 7 km de deslocamento final.<\/li>\n<li>O dia 20\/04 marca o final do evento, com sa\u00edda de Acari e chegada em Patos, em um percurso chamado \u201cRibeira do Serid\u00f3\u201d, com um deslocamento inicial de 9 km, trecho especial de 186 km, e deslocamento final de 11 km.<\/li>\n<\/ul>\n<p>Chuvas e seguran\u00e7a<\/p>\n<p>Devido \u00e0s chuvas que est\u00e3o ocorrendo na regi\u00e3o, \u00e9 importante ressaltar que mudan\u00e7as podem ser realizadas no percurso. No entanto, a organiza\u00e7\u00e3o do evento est\u00e1 atenta \u00e0s condi\u00e7\u00f5es das estradas, percorrendo os trajetos diariamente para garantir a seguran\u00e7a de todos os envolvidos. \u00c9 o que revela o Coordenador de Seguran\u00e7a do Rally RN 1500, Augusto Andrade:<\/p>\n<p>\u201cEstamos totalmente preparados para lidar com as condi\u00e7\u00f5es vari\u00e1veis que podem surgir devido \u00e0s chuvas na regi\u00e3o, mantendo uma vigil\u00e2ncia constante sobre as condi\u00e7\u00f5es das estradas, realizando inspe\u00e7\u00f5es di\u00e1rias nos trajetos planejados. Nossa prioridade \u00e9 sempre a seguran\u00e7a dos participantes, da popula\u00e7\u00e3o que vive pelas cidades que percorremos e estamos comprometidos em tomar as decis\u00f5es adequadas para garantir um evento seguro e bem-sucedido\u201d.<\/p>\n<p>Sobre o Rally RN 1500<\/p>\n<p>O 26\u00b0 Rally RN 1500 \u00e9 uma realiza\u00e7\u00e3o da KTC Produ\u00e7\u00f5es com supervis\u00e3o da Confedera\u00e7\u00e3o Brasileira de Automobilismo (Fpa\/Faep) e da Confedera\u00e7\u00e3o Brasileira de Motociclismo (Femorn\/Fmp).<\/p>\n<p>Apoio: Governo do RN, Emprotur, Governo da Para\u00edba, Prefeitura de Touros, Prefeitura de S\u00e3o Miguel do Gostoso, Prefeitura de Guamar\u00e9, Prefeitura de Acari, Prefeitura de Patos.<\/p>\n<p>Parcerias especiais: Vela Incorporadora, Sebrae RN, Dafonte Polaris, Trajano Reboques, Aquacoco, Patos Shopping, Amortecedores Off Shox, Brasifort, Baja TT Extremadura.<\/p>\n<p>Apoio institucional: Prefeitura de Galinhos, Prefeitura de Lajes, Prefeitura de Cerro Cor\u00e1, Prefeitura de Frei Martinho, Prefeitura de V\u00e1rzea, Prefeitura de Santa Luzia e Prefeitura de S\u00e3o Mamede.<\/p>\n<p>Blog Ismael Medeiros<\/p>\n<p>Foto: Reprodu\u00e7\u00e3o<\/p>\n","protected":false},"excerpt":{"rendered":"<p>O Rally RN 1500 est\u00e1 prestes a iniciar sua 26\u00aa edi\u00e7\u00e3o, prometendo emocionar os aficionados por velocidade e aventura, al\u00e9m de impulsionar a economia e encher de entusiasmo as comunidades por onde passa. Com um percurso que atravessa mais de 30 munic\u00edpios nos estados do Rio Grande do Norte e da Para\u00edba, o evento deve [&hellip;]<\/p>\n","protected":false},"author":2,"featured_media":9197,"comment_status":"open","ping_status":"open","sticky":false,"template":"","format":"standard","meta":{"footnotes":""},"categories":[3,5,8],"tags":[],"class_list":["post-9196","post","type-post","status-publish","format-standard","has-post-thumbnail","hentry","category-destaque","category-noticias","category-ultimas"],"aioseo_notices":[],"_links":{"self":[{"href":"https:\/\/sertaneja95fm.com.br\/sited\/wp-json\/wp\/v2\/posts\/9196","targetHints":{"allow":["GET"]}}],"collection":[{"href":"https:\/\/sertaneja95fm.com.br\/sited\/wp-json\/wp\/v2\/posts"}],"about":[{"href":"https:\/\/sertaneja95fm.com.br\/sited\/wp-json\/wp\/v2\/types\/post"}],"author":[{"embeddable":true,"href":"https:\/\/sertaneja95fm.com.br\/sited\/wp-json\/wp\/v2\/users\/2"}],"replies":[{"embeddable":true,"href":"https:\/\/sertaneja95fm.com.br\/sited\/wp-json\/wp\/v2\/comments?post=9196"}],"version-history":[{"count":1,"href":"https:\/\/sertaneja95fm.com.br\/sited\/wp-json\/wp\/v2\/posts\/9196\/revisions"}],"predecessor-version":[{"id":9198,"href":"https:\/\/sertaneja95fm.com.br\/sited\/wp-json\/wp\/v2\/posts\/9196\/revisions\/9198"}],"wp:featuredmedia":[{"embeddable":true,"href":"https:\/\/sertaneja95fm.com.br\/sited\/wp-json\/wp\/v2\/media\/9197"}],"wp:attachment":[{"href":"https:\/\/sertaneja95fm.com.br\/sited\/wp-json\/wp\/v2\/media?parent=9196"}],"wp:term":[{"taxonomy":"category","embeddable":true,"href":"https:\/\/sertaneja95fm.com.br\/sited\/wp-json\/wp\/v2\/categories?post=9196"},{"taxonomy":"post_tag","embeddable":true,"href":"https:\/\/sertaneja95fm.com.br\/sited\/wp-json\/wp\/v2\/tags?post=9196"}],"curies":[{"name":"wp","href":"https:\/\/api.w.org\/{rel}","templated":true}]}}