{"id":9207,"date":"2024-04-15T14:37:30","date_gmt":"2024-04-15T17:37:30","guid":{"rendered":"https:\/\/sertaneja95fm.com.br\/?p=9207"},"modified":"2024-04-15T14:37:30","modified_gmt":"2024-04-15T17:37:30","slug":"currais-novos-corpo-de-um-homem-vitima-de-afogamento-foi-encontrado-na-manha-de-hoje","status":"publish","type":"post","link":"https:\/\/sertaneja95fm.com.br\/sited\/currais-novos-corpo-de-um-homem-vitima-de-afogamento-foi-encontrado-na-manha-de-hoje\/","title":{"rendered":"Currais Novos: corpo de um homem v\u00edtima de afogamento foi encontrado na manh\u00e3 de hoje"},"content":{"rendered":"<p>A Policia Militar \u00a0de Currais Novos foi acionada pelo Corpo de Bombeiros para uma ocorr\u00eancia de afogamento na tarde deste domingo (14). A v\u00edtima, identificada como Francisco de Assis Moura, de 59 anos, acabou se afogando, e seu corpo foi encontrado na manh\u00e3 desta segunda-feira (15) \u00e0s margens de um barreiro pr\u00f3ximo ao A\u00e7ude Dourado, em Currais Novos.<\/p>\n<p>O Corpo de Bombeiros confirmou que Francisco de Assis teria se afogado e desaparecido. A Pol\u00edcia Civil e o ITEP foram acionados.<\/p>\n<p>&nbsp;<\/p>\n<p>Fonte: Rep\u00f3rter Serid\u00f3<\/p>\n<p>Foto: Envato<\/p>\n","protected":false},"excerpt":{"rendered":"<p>A Policia Militar \u00a0de Currais Novos foi acionada pelo Corpo de Bombeiros para uma ocorr\u00eancia de afogamento na tarde deste domingo (14). A v\u00edtima, identificada como Francisco de Assis Moura, de 59 anos, acabou se afogando, e seu corpo foi encontrado na manh\u00e3 desta segunda-feira (15) \u00e0s margens de um barreiro pr\u00f3ximo ao A\u00e7ude Dourado, [&hellip;]<\/p>\n","protected":false},"author":2,"featured_media":9208,"comment_status":"open","ping_status":"open","sticky":false,"template":"","format":"standard","meta":{"footnotes":""},"categories":[3,4,5,6,7,8],"tags":[],"class_list":["post-9207","post","type-post","status-publish","format-standard","has-post-thumbnail","hentry","category-destaque","category-locais","category-noticias","category-podcasts","category-sem-categoria","category-ultimas"],"aioseo_notices":[],"_links":{"self":[{"href":"https:\/\/sertaneja95fm.com.br\/sited\/wp-json\/wp\/v2\/posts\/9207","targetHints":{"allow":["GET"]}}],"collection":[{"href":"https:\/\/sertaneja95fm.com.br\/sited\/wp-json\/wp\/v2\/posts"}],"about":[{"href":"https:\/\/sertaneja95fm.com.br\/sited\/wp-json\/wp\/v2\/types\/post"}],"author":[{"embeddable":true,"href":"https:\/\/sertaneja95fm.com.br\/sited\/wp-json\/wp\/v2\/users\/2"}],"replies":[{"embeddable":true,"href":"https:\/\/sertaneja95fm.com.br\/sited\/wp-json\/wp\/v2\/comments?post=9207"}],"version-history":[{"count":1,"href":"https:\/\/sertaneja95fm.com.br\/sited\/wp-json\/wp\/v2\/posts\/9207\/revisions"}],"predecessor-version":[{"id":9209,"href":"https:\/\/sertaneja95fm.com.br\/sited\/wp-json\/wp\/v2\/posts\/9207\/revisions\/9209"}],"wp:featuredmedia":[{"embeddable":true,"href":"https:\/\/sertaneja95fm.com.br\/sited\/wp-json\/wp\/v2\/media\/9208"}],"wp:attachment":[{"href":"https:\/\/sertaneja95fm.com.br\/sited\/wp-json\/wp\/v2\/media?parent=9207"}],"wp:term":[{"taxonomy":"category","embeddable":true,"href":"https:\/\/sertaneja95fm.com.br\/sited\/wp-json\/wp\/v2\/categories?post=9207"},{"taxonomy":"post_tag","embeddable":true,"href":"https:\/\/sertaneja95fm.com.br\/sited\/wp-json\/wp\/v2\/tags?post=9207"}],"curies":[{"name":"wp","href":"https:\/\/api.w.org\/{rel}","templated":true}]}}