{"id":9210,"date":"2024-04-15T14:40:15","date_gmt":"2024-04-15T17:40:15","guid":{"rendered":"https:\/\/sertaneja95fm.com.br\/?p=9210"},"modified":"2024-04-15T14:40:15","modified_gmt":"2024-04-15T17:40:15","slug":"governo-preve-salario-minimo-de-r-1-502-para-2025-com-alta-de-637-sobre-valor-atual","status":"publish","type":"post","link":"https:\/\/sertaneja95fm.com.br\/sited\/governo-preve-salario-minimo-de-r-1-502-para-2025-com-alta-de-637-sobre-valor-atual\/","title":{"rendered":"Governo prev\u00ea sal\u00e1rio m\u00ednimo de R$ 1.502 para 2025, com alta de 6,37% sobre valor atual"},"content":{"rendered":"<p>O projeto da Lei de Diretrizes Or\u00e7ament\u00e1rias (LDO) que ser\u00e1 apresentado nesta segunda-feira\u00a0<strong>vai prever um sal\u00e1rio m\u00ednimo de R$ 1.502 \u2013 alta de 6,37% sobre os R$ 1.412 atuais.<\/strong><\/p>\n<p>O percentual segue a nova regra de valoriza\u00e7\u00e3o do sal\u00e1rio m\u00ednimo, que leva em conta o crescimento do Produto Interno Bruto (PIB) al\u00e9m da infla\u00e7\u00e3o do per\u00edodo.<\/p>\n<p>O projeto da LDO tamb\u00e9m trar\u00e1\u00a0<a class=\"\" href=\"https:\/\/g1.globo.com\/economia\/noticia\/2024\/04\/15\/governo-metas-lei-de-diretrizes-orcamentarias.ghtml\">meta de d\u00e9ficit zero para 2025<\/a>, e n\u00e3o mais de super\u00e1vit, como previsto at\u00e9 o ano passado.<\/p>\n<p>A proje\u00e7\u00e3o do sal\u00e1rio m\u00ednimo ainda pode ser alterada se, at\u00e9 o fim do ano, a infla\u00e7\u00e3o for maior ou menor que o previsto.<\/p>\n<p><strong>A LDO serve como um \u201cguia\u201d para a elabora\u00e7\u00e3o do Or\u00e7amento de 2025, mas tamb\u00e9m envia sinais ao mercado sobre como o pr\u00f3prio governo v\u00ea o horizonte econ\u00f4mico.<\/strong><\/p>\n<p>At\u00e9 agora, o governo trabalhava com a expectativa de um super\u00e1vit de 0,5% do PIB em 2025. Ou seja, que fosse poss\u00edvel arrecadar mais do que gastar.<\/p>\n<p>O n\u00famero, no entanto, exigiria um esfor\u00e7o muito grande \u2013 o que poderia criar desconfian\u00e7a no mercado e at\u00e9 mesmo no Congresso Nacional.<\/p>\n<p>A mudan\u00e7a de meta tamb\u00e9m afeta os anos seguintes, segundo interlocutores do governo ouvidos pelo\u00a0<strong>blog<\/strong>. Para 2026, o governo passa a prever um super\u00e1vit de 0,25%, e de 0,5% em 2027, at\u00e9 chegar a 1% em 2028.<\/p>\n<p>Essa proje\u00e7\u00e3o \u00e9 justamente um dos fatores que impactam na revis\u00e3o do super\u00e1vit previsto anteriormente.<\/p>\n<p>Al\u00e9m do sal\u00e1rio m\u00ednimo, a \u00e1rea pol\u00edtica do governo tamb\u00e9m pressiona a \u00e1rea econ\u00f4mica para flexibilizar a meta fiscal e, com isso, poder gastar mais nos pr\u00f3ximos anos.<\/p>\n<p>Diante disso, manter em 2025 um super\u00e1vit de 0,5% do PIB exigiria um esfor\u00e7o fiscal maior do pa\u00eds \u2013 em outras palavras, gastar menos com pol\u00edticas sociais e investimentos.<\/p>\n<p>G1<\/p>\n<p>Foto: Reprodu\u00e7\u00e3o \/ Ag\u00eancia Brasil<\/p>\n<p>&nbsp;<\/p>\n","protected":false},"excerpt":{"rendered":"<p>O projeto da Lei de Diretrizes Or\u00e7ament\u00e1rias (LDO) que ser\u00e1 apresentado nesta segunda-feira\u00a0vai prever um sal\u00e1rio m\u00ednimo de R$ 1.502 \u2013 alta de 6,37% sobre os R$ 1.412 atuais. O percentual segue a nova regra de valoriza\u00e7\u00e3o do sal\u00e1rio m\u00ednimo, que leva em conta o crescimento do Produto Interno Bruto (PIB) al\u00e9m da infla\u00e7\u00e3o do [&hellip;]<\/p>\n","protected":false},"author":2,"featured_media":9211,"comment_status":"open","ping_status":"open","sticky":false,"template":"","format":"standard","meta":{"footnotes":""},"categories":[3,4,5,6,7,8],"tags":[],"class_list":["post-9210","post","type-post","status-publish","format-standard","has-post-thumbnail","hentry","category-destaque","category-locais","category-noticias","category-podcasts","category-sem-categoria","category-ultimas"],"aioseo_notices":[],"_links":{"self":[{"href":"https:\/\/sertaneja95fm.com.br\/sited\/wp-json\/wp\/v2\/posts\/9210","targetHints":{"allow":["GET"]}}],"collection":[{"href":"https:\/\/sertaneja95fm.com.br\/sited\/wp-json\/wp\/v2\/posts"}],"about":[{"href":"https:\/\/sertaneja95fm.com.br\/sited\/wp-json\/wp\/v2\/types\/post"}],"author":[{"embeddable":true,"href":"https:\/\/sertaneja95fm.com.br\/sited\/wp-json\/wp\/v2\/users\/2"}],"replies":[{"embeddable":true,"href":"https:\/\/sertaneja95fm.com.br\/sited\/wp-json\/wp\/v2\/comments?post=9210"}],"version-history":[{"count":1,"href":"https:\/\/sertaneja95fm.com.br\/sited\/wp-json\/wp\/v2\/posts\/9210\/revisions"}],"predecessor-version":[{"id":9212,"href":"https:\/\/sertaneja95fm.com.br\/sited\/wp-json\/wp\/v2\/posts\/9210\/revisions\/9212"}],"wp:featuredmedia":[{"embeddable":true,"href":"https:\/\/sertaneja95fm.com.br\/sited\/wp-json\/wp\/v2\/media\/9211"}],"wp:attachment":[{"href":"https:\/\/sertaneja95fm.com.br\/sited\/wp-json\/wp\/v2\/media?parent=9210"}],"wp:term":[{"taxonomy":"category","embeddable":true,"href":"https:\/\/sertaneja95fm.com.br\/sited\/wp-json\/wp\/v2\/categories?post=9210"},{"taxonomy":"post_tag","embeddable":true,"href":"https:\/\/sertaneja95fm.com.br\/sited\/wp-json\/wp\/v2\/tags?post=9210"}],"curies":[{"name":"wp","href":"https:\/\/api.w.org\/{rel}","templated":true}]}}