{"id":9224,"date":"2024-04-22T16:13:27","date_gmt":"2024-04-22T19:13:27","guid":{"rendered":"https:\/\/sertaneja95fm.com.br\/?p=9224"},"modified":"2024-04-22T16:13:42","modified_gmt":"2024-04-22T19:13:42","slug":"acude-dourado-tem-reducao-em-lamina-de-sangria","status":"publish","type":"post","link":"https:\/\/sertaneja95fm.com.br\/sited\/acude-dourado-tem-reducao-em-lamina-de-sangria\/","title":{"rendered":"A\u00e7ude Dourado tem redu\u00e7\u00e3o em l\u00e2mina de sangria"},"content":{"rendered":"<p>O A\u00e7ude Dourado, em Currais Novos, segue com redu\u00e7\u00e3o em sua l\u00e2mina de sangria. De acordo com dados da manh\u00e3 desta segunda, o manancial estava com o n\u00edvel de \u00e1gua marcando apenas 2 cm acima da cota m\u00e1xima.<\/p>\n<p>Vale lembrar que o A\u00e7ude Dourado sangra desde o \u00faltimo dia 14 de mar\u00e7o. Esta foi a primeira sangria do reservat\u00f3rio desde o ano de 2020.<\/p>\n<p>Blog do ISmael<\/p>\n","protected":false},"excerpt":{"rendered":"<p>O A\u00e7ude Dourado, em Currais Novos, segue com redu\u00e7\u00e3o em sua l\u00e2mina de sangria. De acordo com dados da manh\u00e3 desta segunda, o manancial estava com o n\u00edvel de \u00e1gua marcando apenas 2 cm acima da cota m\u00e1xima. Vale lembrar que o A\u00e7ude Dourado sangra desde o \u00faltimo dia 14 de mar\u00e7o. Esta foi a [&hellip;]<\/p>\n","protected":false},"author":2,"featured_media":9055,"comment_status":"open","ping_status":"open","sticky":false,"template":"","format":"standard","meta":{"footnotes":""},"categories":[3,4,5,6,8],"tags":[],"class_list":["post-9224","post","type-post","status-publish","format-standard","has-post-thumbnail","hentry","category-destaque","category-locais","category-noticias","category-podcasts","category-ultimas"],"aioseo_notices":[],"_links":{"self":[{"href":"https:\/\/sertaneja95fm.com.br\/sited\/wp-json\/wp\/v2\/posts\/9224","targetHints":{"allow":["GET"]}}],"collection":[{"href":"https:\/\/sertaneja95fm.com.br\/sited\/wp-json\/wp\/v2\/posts"}],"about":[{"href":"https:\/\/sertaneja95fm.com.br\/sited\/wp-json\/wp\/v2\/types\/post"}],"author":[{"embeddable":true,"href":"https:\/\/sertaneja95fm.com.br\/sited\/wp-json\/wp\/v2\/users\/2"}],"replies":[{"embeddable":true,"href":"https:\/\/sertaneja95fm.com.br\/sited\/wp-json\/wp\/v2\/comments?post=9224"}],"version-history":[{"count":2,"href":"https:\/\/sertaneja95fm.com.br\/sited\/wp-json\/wp\/v2\/posts\/9224\/revisions"}],"predecessor-version":[{"id":9226,"href":"https:\/\/sertaneja95fm.com.br\/sited\/wp-json\/wp\/v2\/posts\/9224\/revisions\/9226"}],"wp:featuredmedia":[{"embeddable":true,"href":"https:\/\/sertaneja95fm.com.br\/sited\/wp-json\/wp\/v2\/media\/9055"}],"wp:attachment":[{"href":"https:\/\/sertaneja95fm.com.br\/sited\/wp-json\/wp\/v2\/media?parent=9224"}],"wp:term":[{"taxonomy":"category","embeddable":true,"href":"https:\/\/sertaneja95fm.com.br\/sited\/wp-json\/wp\/v2\/categories?post=9224"},{"taxonomy":"post_tag","embeddable":true,"href":"https:\/\/sertaneja95fm.com.br\/sited\/wp-json\/wp\/v2\/tags?post=9224"}],"curies":[{"name":"wp","href":"https:\/\/api.w.org\/{rel}","templated":true}]}}