{"id":9227,"date":"2024-04-22T16:15:32","date_gmt":"2024-04-22T19:15:32","guid":{"rendered":"https:\/\/sertaneja95fm.com.br\/?p=9227"},"modified":"2024-04-22T16:15:32","modified_gmt":"2024-04-22T19:15:32","slug":"serido-barragem-boqueirao-e-acude-caldeirao-de-parelhas-aumentam-volume","status":"publish","type":"post","link":"https:\/\/sertaneja95fm.com.br\/sited\/serido-barragem-boqueirao-e-acude-caldeirao-de-parelhas-aumentam-volume\/","title":{"rendered":"Serid\u00f3: Barragem Boqueir\u00e3o e A\u00e7ude Caldeir\u00e3o de Parelhas aumentam volume"},"content":{"rendered":"<p>No Serid\u00f3, a Barragem Boqueir\u00e3o, situada em Parelhas (RN), registrou um aumento em seu volume, alcan\u00e7ando\u00a028,88%\u00a0de sua capacidade total. Constru\u00eddo para armazenar at\u00e9 84 milh\u00f5es, 792 mil e 119 metros c\u00fabicos de \u00e1gua, o reservat\u00f3rio agora cont\u00e9m cerca de 24 milh\u00f5es, 487 mil e 147 metros c\u00fabicos.<\/p>\n<p>J\u00e1 o a\u00e7ude\u00a0Caldeir\u00e3o de Parelhas\u00a0(RN) tamb\u00e9m registrou neste s\u00e1bado (20) um volume de 5.524.069 metros c\u00fabicos, representando\u00a059,27%\u00a0de sua capacidade total, estimada em 9.320.657 metros c\u00fabicos.<\/p>\n<p><em>Blog da GL<\/em><\/p>\n<p>&nbsp;<\/p>\n<p>Foto :Reprodu\u00e7\u00e3o<\/p>\n","protected":false},"excerpt":{"rendered":"<p>No Serid\u00f3, a Barragem Boqueir\u00e3o, situada em Parelhas (RN), registrou um aumento em seu volume, alcan\u00e7ando\u00a028,88%\u00a0de sua capacidade total. Constru\u00eddo para armazenar at\u00e9 84 milh\u00f5es, 792 mil e 119 metros c\u00fabicos de \u00e1gua, o reservat\u00f3rio agora cont\u00e9m cerca de 24 milh\u00f5es, 487 mil e 147 metros c\u00fabicos. J\u00e1 o a\u00e7ude\u00a0Caldeir\u00e3o de Parelhas\u00a0(RN) tamb\u00e9m registrou neste [&hellip;]<\/p>\n","protected":false},"author":2,"featured_media":9228,"comment_status":"open","ping_status":"open","sticky":false,"template":"","format":"standard","meta":{"footnotes":""},"categories":[3,4,5,6,7,8],"tags":[],"class_list":["post-9227","post","type-post","status-publish","format-standard","has-post-thumbnail","hentry","category-destaque","category-locais","category-noticias","category-podcasts","category-sem-categoria","category-ultimas"],"aioseo_notices":[],"_links":{"self":[{"href":"https:\/\/sertaneja95fm.com.br\/sited\/wp-json\/wp\/v2\/posts\/9227","targetHints":{"allow":["GET"]}}],"collection":[{"href":"https:\/\/sertaneja95fm.com.br\/sited\/wp-json\/wp\/v2\/posts"}],"about":[{"href":"https:\/\/sertaneja95fm.com.br\/sited\/wp-json\/wp\/v2\/types\/post"}],"author":[{"embeddable":true,"href":"https:\/\/sertaneja95fm.com.br\/sited\/wp-json\/wp\/v2\/users\/2"}],"replies":[{"embeddable":true,"href":"https:\/\/sertaneja95fm.com.br\/sited\/wp-json\/wp\/v2\/comments?post=9227"}],"version-history":[{"count":1,"href":"https:\/\/sertaneja95fm.com.br\/sited\/wp-json\/wp\/v2\/posts\/9227\/revisions"}],"predecessor-version":[{"id":9229,"href":"https:\/\/sertaneja95fm.com.br\/sited\/wp-json\/wp\/v2\/posts\/9227\/revisions\/9229"}],"wp:featuredmedia":[{"embeddable":true,"href":"https:\/\/sertaneja95fm.com.br\/sited\/wp-json\/wp\/v2\/media\/9228"}],"wp:attachment":[{"href":"https:\/\/sertaneja95fm.com.br\/sited\/wp-json\/wp\/v2\/media?parent=9227"}],"wp:term":[{"taxonomy":"category","embeddable":true,"href":"https:\/\/sertaneja95fm.com.br\/sited\/wp-json\/wp\/v2\/categories?post=9227"},{"taxonomy":"post_tag","embeddable":true,"href":"https:\/\/sertaneja95fm.com.br\/sited\/wp-json\/wp\/v2\/tags?post=9227"}],"curies":[{"name":"wp","href":"https:\/\/api.w.org\/{rel}","templated":true}]}}