{"id":9246,"date":"2024-04-30T16:51:18","date_gmt":"2024-04-30T19:51:18","guid":{"rendered":"https:\/\/sertaneja95fm.com.br\/?p=9246"},"modified":"2024-04-30T16:51:18","modified_gmt":"2024-04-30T19:51:18","slug":"caso-brenda-oliveira-policia-civil-deflagra-operacao-jus-puniendi-e-cumpre-mandados-contra-suspeitos-envolvidos-em-duplo-homicidio-de-advogada-e-cliente-no-interior-do-rn","status":"publish","type":"post","link":"https:\/\/sertaneja95fm.com.br\/sited\/caso-brenda-oliveira-policia-civil-deflagra-operacao-jus-puniendi-e-cumpre-mandados-contra-suspeitos-envolvidos-em-duplo-homicidio-de-advogada-e-cliente-no-interior-do-rn\/","title":{"rendered":"Caso Brenda Oliveira: Pol\u00edcia Civil deflagra \u201cOpera\u00e7\u00e3o Jus Puniendi\u201d e cumpre mandados contra suspeitos envolvidos em duplo homic\u00eddio de advogada e cliente no interior do RN"},"content":{"rendered":"<p>A Pol\u00edcia Civil do Rio Grande do Norte, por meio da Divis\u00e3o de Homic\u00eddios e Prote\u00e7\u00e3o \u00e0 Pessoa (DHPP), deflagrou nas primeiras horas desta ter\u00e7a-feira (30), a \u201cOpera\u00e7\u00e3o Jus Puniendi\u201d, que resultou no cumprimento de mandados de busca e apreens\u00e3o e de pris\u00e3o contra suspeitos envolvidos nos assassinatos da advogada Brenda Oliveira, de 26 anos, e de Janielson Nunes de Lima, de 25, conhecido tamb\u00e9m como \u201cGordinho da Batata\u201d. Os dois foram executados dentro de um carro, no centro da cidade de Santo Ant\u00f4nio\/RN, no dia 30 de janeiro de 2024.<\/p>\n<p>A a\u00e7\u00e3o da Pol\u00edcia Civil do RN \u00e9 fruto de um trabalho integrado da Divis\u00e3o de Homic\u00eddios e Prote\u00e7\u00e3o \u00e0 Pessoa (DHPP), da Diretoria de Intelig\u00eancia da PCRN, atrav\u00e9s do N\u00facleo de Investiga\u00e7\u00e3o Qualificada (NIQ), da 6\u00aa Delegacia Regional de Nova Cruz e da 66\u00aa Delegacia de Pol\u00edcia de Santo Ant\u00f4nio.<\/p>\n<p>A express\u00e3o latina \u201cJus Puniendi\u201d significa o poder e dever de punir, atrav\u00e9s do Estado.<\/p>\n<p>Em breve mais informa\u00e7\u00f5es.<\/p>\n<p><em>Fonte: Secretaria de Comunica\u00e7\u00e3o Social da Pol\u00edcia Civil do Rio Grande do Norte (SECOMS)<\/em><\/p>\n<p>Foto: Reprodu\u00e7\u00e3o<\/p>\n","protected":false},"excerpt":{"rendered":"<p>A Pol\u00edcia Civil do Rio Grande do Norte, por meio da Divis\u00e3o de Homic\u00eddios e Prote\u00e7\u00e3o \u00e0 Pessoa (DHPP), deflagrou nas primeiras horas desta ter\u00e7a-feira (30), a \u201cOpera\u00e7\u00e3o Jus Puniendi\u201d, que resultou no cumprimento de mandados de busca e apreens\u00e3o e de pris\u00e3o contra suspeitos envolvidos nos assassinatos da advogada Brenda Oliveira, de 26 anos, [&hellip;]<\/p>\n","protected":false},"author":2,"featured_media":9247,"comment_status":"open","ping_status":"open","sticky":false,"template":"","format":"standard","meta":{"footnotes":""},"categories":[3,4,5,6,7,8],"tags":[],"class_list":["post-9246","post","type-post","status-publish","format-standard","has-post-thumbnail","hentry","category-destaque","category-locais","category-noticias","category-podcasts","category-sem-categoria","category-ultimas"],"aioseo_notices":[],"_links":{"self":[{"href":"https:\/\/sertaneja95fm.com.br\/sited\/wp-json\/wp\/v2\/posts\/9246","targetHints":{"allow":["GET"]}}],"collection":[{"href":"https:\/\/sertaneja95fm.com.br\/sited\/wp-json\/wp\/v2\/posts"}],"about":[{"href":"https:\/\/sertaneja95fm.com.br\/sited\/wp-json\/wp\/v2\/types\/post"}],"author":[{"embeddable":true,"href":"https:\/\/sertaneja95fm.com.br\/sited\/wp-json\/wp\/v2\/users\/2"}],"replies":[{"embeddable":true,"href":"https:\/\/sertaneja95fm.com.br\/sited\/wp-json\/wp\/v2\/comments?post=9246"}],"version-history":[{"count":1,"href":"https:\/\/sertaneja95fm.com.br\/sited\/wp-json\/wp\/v2\/posts\/9246\/revisions"}],"predecessor-version":[{"id":9248,"href":"https:\/\/sertaneja95fm.com.br\/sited\/wp-json\/wp\/v2\/posts\/9246\/revisions\/9248"}],"wp:featuredmedia":[{"embeddable":true,"href":"https:\/\/sertaneja95fm.com.br\/sited\/wp-json\/wp\/v2\/media\/9247"}],"wp:attachment":[{"href":"https:\/\/sertaneja95fm.com.br\/sited\/wp-json\/wp\/v2\/media?parent=9246"}],"wp:term":[{"taxonomy":"category","embeddable":true,"href":"https:\/\/sertaneja95fm.com.br\/sited\/wp-json\/wp\/v2\/categories?post=9246"},{"taxonomy":"post_tag","embeddable":true,"href":"https:\/\/sertaneja95fm.com.br\/sited\/wp-json\/wp\/v2\/tags?post=9246"}],"curies":[{"name":"wp","href":"https:\/\/api.w.org\/{rel}","templated":true}]}}