{"id":9276,"date":"2024-05-13T09:04:15","date_gmt":"2024-05-13T12:04:15","guid":{"rendered":"https:\/\/sertaneja95fm.com.br\/?p=9276"},"modified":"2024-05-13T09:04:15","modified_gmt":"2024-05-13T12:04:15","slug":"calamidade-chegada-de-frio-intenso-deve-piorar-situacao-dos-gauchos","status":"publish","type":"post","link":"https:\/\/sertaneja95fm.com.br\/sited\/calamidade-chegada-de-frio-intenso-deve-piorar-situacao-dos-gauchos\/","title":{"rendered":"Calamidade: chegada de frio intenso deve piorar situa\u00e7\u00e3o dos ga\u00fachos"},"content":{"rendered":"<p>O Rio Grande do Sul, em meio \u00e0s fortes chuvas, passar\u00e1 por um per\u00edodo de frio intenso que vai ocorrer, segundo Vin\u00edcius Lucyrio, meteorologista da Climatempo, ao longo desta semana, \u201cprincipalmente a partir de segunda (13\/5) \u00e0 noite, na ter\u00e7a, quarta e at\u00e9 a manh\u00e3 de quinta (16\/5)\u201d.<\/p>\n<p>Em meio ao acumulo de \u00e1guas nas ruas e \u00e0 queda nas temperaturas, a popula\u00e7\u00e3o do estado tamb\u00e9m precisa se alertar para as doen\u00e7as que podem surgir.<\/p>\n<p>Vin\u00edcius Lucyrio explica que \u201co Rio Grande do Sul deve enfrentar as temperaturas mais baixas do ano at\u00e9 este momento, inclusive tem possibilidade de geada em v\u00e1rias \u00e1reas do estado, especialmente no sul, na campanha ga\u00facha, e tamb\u00e9m em \u00e1reas da serra. Mas as temperaturas j\u00e1 voltam a subir de forma mais lenta ali na quinta-feira, quando as temperaturas mais baixas devem ficar mais para o extremo sul e leste do estado\u201d.<\/p>\n<p><strong>Metr\u00f3poles<\/strong><\/p>\n<p>Foto: Jefferson Bernardes\/Getty Images<\/p>\n","protected":false},"excerpt":{"rendered":"<p>O Rio Grande do Sul, em meio \u00e0s fortes chuvas, passar\u00e1 por um per\u00edodo de frio intenso que vai ocorrer, segundo Vin\u00edcius Lucyrio, meteorologista da Climatempo, ao longo desta semana, \u201cprincipalmente a partir de segunda (13\/5) \u00e0 noite, na ter\u00e7a, quarta e at\u00e9 a manh\u00e3 de quinta (16\/5)\u201d. Em meio ao acumulo de \u00e1guas nas [&hellip;]<\/p>\n","protected":false},"author":2,"featured_media":9277,"comment_status":"open","ping_status":"open","sticky":false,"template":"","format":"standard","meta":{"footnotes":""},"categories":[3,4,5,6,7,8],"tags":[],"class_list":["post-9276","post","type-post","status-publish","format-standard","has-post-thumbnail","hentry","category-destaque","category-locais","category-noticias","category-podcasts","category-sem-categoria","category-ultimas"],"aioseo_notices":[],"_links":{"self":[{"href":"https:\/\/sertaneja95fm.com.br\/sited\/wp-json\/wp\/v2\/posts\/9276","targetHints":{"allow":["GET"]}}],"collection":[{"href":"https:\/\/sertaneja95fm.com.br\/sited\/wp-json\/wp\/v2\/posts"}],"about":[{"href":"https:\/\/sertaneja95fm.com.br\/sited\/wp-json\/wp\/v2\/types\/post"}],"author":[{"embeddable":true,"href":"https:\/\/sertaneja95fm.com.br\/sited\/wp-json\/wp\/v2\/users\/2"}],"replies":[{"embeddable":true,"href":"https:\/\/sertaneja95fm.com.br\/sited\/wp-json\/wp\/v2\/comments?post=9276"}],"version-history":[{"count":1,"href":"https:\/\/sertaneja95fm.com.br\/sited\/wp-json\/wp\/v2\/posts\/9276\/revisions"}],"predecessor-version":[{"id":9278,"href":"https:\/\/sertaneja95fm.com.br\/sited\/wp-json\/wp\/v2\/posts\/9276\/revisions\/9278"}],"wp:featuredmedia":[{"embeddable":true,"href":"https:\/\/sertaneja95fm.com.br\/sited\/wp-json\/wp\/v2\/media\/9277"}],"wp:attachment":[{"href":"https:\/\/sertaneja95fm.com.br\/sited\/wp-json\/wp\/v2\/media?parent=9276"}],"wp:term":[{"taxonomy":"category","embeddable":true,"href":"https:\/\/sertaneja95fm.com.br\/sited\/wp-json\/wp\/v2\/categories?post=9276"},{"taxonomy":"post_tag","embeddable":true,"href":"https:\/\/sertaneja95fm.com.br\/sited\/wp-json\/wp\/v2\/tags?post=9276"}],"curies":[{"name":"wp","href":"https:\/\/api.w.org\/{rel}","templated":true}]}}