{"id":9314,"date":"2024-06-03T09:29:11","date_gmt":"2024-06-03T12:29:11","guid":{"rendered":"https:\/\/sertaneja95fm.com.br\/?p=9314"},"modified":"2024-06-03T09:29:11","modified_gmt":"2024-06-03T12:29:11","slug":"inscricoes-para-a-corrida-da-fogueira-comecam-nesta-segunda-feira-3","status":"publish","type":"post","link":"https:\/\/sertaneja95fm.com.br\/sited\/inscricoes-para-a-corrida-da-fogueira-comecam-nesta-segunda-feira-3\/","title":{"rendered":"Inscri\u00e7\u00f5es para a Corrida da Fogueira come\u00e7am nesta segunda-feira (3)"},"content":{"rendered":"<p>A Corrida da Fogueira chega neste ano a sua 22\u00aa edi\u00e7\u00e3o e segue como uma das mais relevantes atividades dentro da programa\u00e7\u00e3o do Forronovos. Programada para o dia 15 de junho, a competi\u00e7\u00e3o ter\u00e1 inscri\u00e7\u00f5es abertas a partir desta segunda-feira (3).<\/p>\n<p>Os interessados dever\u00e3o se inscrever at\u00e9 a quarta-feira, sempre das 17h \u00e0s 21h, na Secretaria de Turismo. Essa modalidade \u00e9 destinada, sobretudo, aos competidores de Currais Novos. Os visitantes poder\u00e3o se inscrever remotamente a partir da quinta-feira (6), \u00e0s 19h, em um link que ser\u00e1 divulgado posteriormente.<\/p>\n<p>O evento ter\u00e1 premia\u00e7\u00e3o para os competidores locais, por faixa et\u00e1ria e tamb\u00e9m no apanhado geral.<\/p>\n","protected":false},"excerpt":{"rendered":"<p>A Corrida da Fogueira chega neste ano a sua 22\u00aa edi\u00e7\u00e3o e segue como uma das mais relevantes atividades dentro da programa\u00e7\u00e3o do Forronovos. Programada para o dia 15 de junho, a competi\u00e7\u00e3o ter\u00e1 inscri\u00e7\u00f5es abertas a partir desta segunda-feira (3). Os interessados dever\u00e3o se inscrever at\u00e9 a quarta-feira, sempre das 17h \u00e0s 21h, na [&hellip;]<\/p>\n","protected":false},"author":2,"featured_media":9315,"comment_status":"open","ping_status":"open","sticky":false,"template":"","format":"standard","meta":{"footnotes":""},"categories":[3,4,5,6,7,8],"tags":[],"class_list":["post-9314","post","type-post","status-publish","format-standard","has-post-thumbnail","hentry","category-destaque","category-locais","category-noticias","category-podcasts","category-sem-categoria","category-ultimas"],"aioseo_notices":[],"_links":{"self":[{"href":"https:\/\/sertaneja95fm.com.br\/sited\/wp-json\/wp\/v2\/posts\/9314","targetHints":{"allow":["GET"]}}],"collection":[{"href":"https:\/\/sertaneja95fm.com.br\/sited\/wp-json\/wp\/v2\/posts"}],"about":[{"href":"https:\/\/sertaneja95fm.com.br\/sited\/wp-json\/wp\/v2\/types\/post"}],"author":[{"embeddable":true,"href":"https:\/\/sertaneja95fm.com.br\/sited\/wp-json\/wp\/v2\/users\/2"}],"replies":[{"embeddable":true,"href":"https:\/\/sertaneja95fm.com.br\/sited\/wp-json\/wp\/v2\/comments?post=9314"}],"version-history":[{"count":1,"href":"https:\/\/sertaneja95fm.com.br\/sited\/wp-json\/wp\/v2\/posts\/9314\/revisions"}],"predecessor-version":[{"id":9316,"href":"https:\/\/sertaneja95fm.com.br\/sited\/wp-json\/wp\/v2\/posts\/9314\/revisions\/9316"}],"wp:featuredmedia":[{"embeddable":true,"href":"https:\/\/sertaneja95fm.com.br\/sited\/wp-json\/wp\/v2\/media\/9315"}],"wp:attachment":[{"href":"https:\/\/sertaneja95fm.com.br\/sited\/wp-json\/wp\/v2\/media?parent=9314"}],"wp:term":[{"taxonomy":"category","embeddable":true,"href":"https:\/\/sertaneja95fm.com.br\/sited\/wp-json\/wp\/v2\/categories?post=9314"},{"taxonomy":"post_tag","embeddable":true,"href":"https:\/\/sertaneja95fm.com.br\/sited\/wp-json\/wp\/v2\/tags?post=9314"}],"curies":[{"name":"wp","href":"https:\/\/api.w.org\/{rel}","templated":true}]}}