{"id":9333,"date":"2024-06-12T09:31:03","date_gmt":"2024-06-12T12:31:03","guid":{"rendered":"https:\/\/sertaneja95fm.com.br\/?p=9333"},"modified":"2024-06-12T09:31:03","modified_gmt":"2024-06-12T12:31:03","slug":"governo-do-rn-homologa-contratacao-da-banca-organizadora-de-concurso-da-educacao","status":"publish","type":"post","link":"https:\/\/sertaneja95fm.com.br\/sited\/governo-do-rn-homologa-contratacao-da-banca-organizadora-de-concurso-da-educacao\/","title":{"rendered":"Governo do RN homologa contrata\u00e7\u00e3o da banca organizadora de concurso da educa\u00e7\u00e3o"},"content":{"rendered":"<p>O Governo do Estado do Rio Grande do Norte se prepara para realizar concurso p\u00fablico para a Secretaria de Estado da Educa\u00e7\u00e3o, da Cultura, do Esporte e do Lazer (SEEC). Ao todo, ser\u00e3o 598 vagas para repor o quadro de servidores efetivos do \u00f3rg\u00e3o da carreira do magist\u00e9rio, entre professores e especialistas em Educa\u00e7\u00e3o.<\/p>\n<p>Nesta \u00faltima ter\u00e7a-feira (11), a Secretaria de Estado da Administra\u00e7\u00e3o (Sead), respons\u00e1vel pela condu\u00e7\u00e3o do certame, homologou a contrata\u00e7\u00e3o da banca organizadora e assist\u00eancia jur\u00eddica para a execu\u00e7\u00e3o do concurso p\u00fablico. A escolhida foi a Funda\u00e7\u00e3o Get\u00falio Vargas (FGV).<\/p>\n<p>O ato de homologa\u00e7\u00e3o foi publicado hoje no Plano Nacional de Contrata\u00e7\u00f5es P\u00fablicas (PNCP) e tamb\u00e9m ser\u00e1 publicado na edi\u00e7\u00e3o desta quarta-feira (12) do Di\u00e1rio Oficial do RN. A partir da homologa\u00e7\u00e3o, v\u00e3o ser iniciados os tr\u00e2mites processuais pela banca contratada, a fim de em breve ser lan\u00e7ado edital e anunciado cronograma do concurso.<\/p>\n<p>\u201cO concurso da Educa\u00e7\u00e3o \u00e9 fundamental para suprir vac\u00e2ncias da carreira do magist\u00e9rio. Com a banca definida, esperamos acelerar os processos e e conseguir lan\u00e7ar o edital e realizar as provas o mais r\u00e1pido poss\u00edvel. Assim, teremos novos profissionais lecionando em sala de aula muito em breve\u201d, destacou o secret\u00e1rio da Administra\u00e7\u00e3o, Pedro Lopes.<\/p>\n","protected":false},"excerpt":{"rendered":"<p>O Governo do Estado do Rio Grande do Norte se prepara para realizar concurso p\u00fablico para a Secretaria de Estado da Educa\u00e7\u00e3o, da Cultura, do Esporte e do Lazer (SEEC). Ao todo, ser\u00e3o 598 vagas para repor o quadro de servidores efetivos do \u00f3rg\u00e3o da carreira do magist\u00e9rio, entre professores e especialistas em Educa\u00e7\u00e3o. Nesta [&hellip;]<\/p>\n","protected":false},"author":2,"featured_media":9334,"comment_status":"open","ping_status":"open","sticky":false,"template":"","format":"standard","meta":{"footnotes":""},"categories":[3,4,5,6,7,8],"tags":[],"class_list":["post-9333","post","type-post","status-publish","format-standard","has-post-thumbnail","hentry","category-destaque","category-locais","category-noticias","category-podcasts","category-sem-categoria","category-ultimas"],"aioseo_notices":[],"_links":{"self":[{"href":"https:\/\/sertaneja95fm.com.br\/sited\/wp-json\/wp\/v2\/posts\/9333","targetHints":{"allow":["GET"]}}],"collection":[{"href":"https:\/\/sertaneja95fm.com.br\/sited\/wp-json\/wp\/v2\/posts"}],"about":[{"href":"https:\/\/sertaneja95fm.com.br\/sited\/wp-json\/wp\/v2\/types\/post"}],"author":[{"embeddable":true,"href":"https:\/\/sertaneja95fm.com.br\/sited\/wp-json\/wp\/v2\/users\/2"}],"replies":[{"embeddable":true,"href":"https:\/\/sertaneja95fm.com.br\/sited\/wp-json\/wp\/v2\/comments?post=9333"}],"version-history":[{"count":1,"href":"https:\/\/sertaneja95fm.com.br\/sited\/wp-json\/wp\/v2\/posts\/9333\/revisions"}],"predecessor-version":[{"id":9335,"href":"https:\/\/sertaneja95fm.com.br\/sited\/wp-json\/wp\/v2\/posts\/9333\/revisions\/9335"}],"wp:featuredmedia":[{"embeddable":true,"href":"https:\/\/sertaneja95fm.com.br\/sited\/wp-json\/wp\/v2\/media\/9334"}],"wp:attachment":[{"href":"https:\/\/sertaneja95fm.com.br\/sited\/wp-json\/wp\/v2\/media?parent=9333"}],"wp:term":[{"taxonomy":"category","embeddable":true,"href":"https:\/\/sertaneja95fm.com.br\/sited\/wp-json\/wp\/v2\/categories?post=9333"},{"taxonomy":"post_tag","embeddable":true,"href":"https:\/\/sertaneja95fm.com.br\/sited\/wp-json\/wp\/v2\/tags?post=9333"}],"curies":[{"name":"wp","href":"https:\/\/api.w.org\/{rel}","templated":true}]}}