{"id":9337,"date":"2024-06-12T09:31:52","date_gmt":"2024-06-12T12:31:52","guid":{"rendered":"https:\/\/sertaneja95fm.com.br\/?p=9337"},"modified":"2024-06-12T09:31:52","modified_gmt":"2024-06-12T12:31:52","slug":"lancamento-da-feirinha-de-santana-e-adiado-para-18-de-junho","status":"publish","type":"post","link":"https:\/\/sertaneja95fm.com.br\/sited\/lancamento-da-feirinha-de-santana-e-adiado-para-18-de-junho\/","title":{"rendered":"Lan\u00e7amento da Feirinha de Sant\u2019ana \u00e9 adiado para 18 de junho"},"content":{"rendered":"<p>O lan\u00e7amento da Feirinha de Sant\u2019Ana 2024, que estava inicialmente programado para o dia 11 de junho, foi adiado para o dia 18 de junho. Com o adiamento, a expectativa em torno do evento s\u00f3 aumenta, principalmente em rela\u00e7\u00e3o ao novo formato e \u00e0s atra\u00e7\u00f5es que ser\u00e3o anunciadas. A antecipa\u00e7\u00e3o cresce \u00e0 medida que os organizadores prometem novidades para esta edi\u00e7\u00e3o da Feirinha de Sant\u2019Ana, refor\u00e7ando a import\u00e2ncia cultural e tur\u00edstica do evento.<\/p>\n","protected":false},"excerpt":{"rendered":"<p>O lan\u00e7amento da Feirinha de Sant\u2019Ana 2024, que estava inicialmente programado para o dia 11 de junho, foi adiado para o dia 18 de junho. Com o adiamento, a expectativa em torno do evento s\u00f3 aumenta, principalmente em rela\u00e7\u00e3o ao novo formato e \u00e0s atra\u00e7\u00f5es que ser\u00e3o anunciadas. A antecipa\u00e7\u00e3o cresce \u00e0 medida que os [&hellip;]<\/p>\n","protected":false},"author":2,"featured_media":9338,"comment_status":"open","ping_status":"open","sticky":false,"template":"","format":"standard","meta":{"footnotes":""},"categories":[9,3,4,5,6,7,8],"tags":[],"class_list":["post-9337","post","type-post","status-publish","format-standard","has-post-thumbnail","hentry","category-9","category-destaque","category-locais","category-noticias","category-podcasts","category-sem-categoria","category-ultimas"],"aioseo_notices":[],"_links":{"self":[{"href":"https:\/\/sertaneja95fm.com.br\/sited\/wp-json\/wp\/v2\/posts\/9337","targetHints":{"allow":["GET"]}}],"collection":[{"href":"https:\/\/sertaneja95fm.com.br\/sited\/wp-json\/wp\/v2\/posts"}],"about":[{"href":"https:\/\/sertaneja95fm.com.br\/sited\/wp-json\/wp\/v2\/types\/post"}],"author":[{"embeddable":true,"href":"https:\/\/sertaneja95fm.com.br\/sited\/wp-json\/wp\/v2\/users\/2"}],"replies":[{"embeddable":true,"href":"https:\/\/sertaneja95fm.com.br\/sited\/wp-json\/wp\/v2\/comments?post=9337"}],"version-history":[{"count":1,"href":"https:\/\/sertaneja95fm.com.br\/sited\/wp-json\/wp\/v2\/posts\/9337\/revisions"}],"predecessor-version":[{"id":9339,"href":"https:\/\/sertaneja95fm.com.br\/sited\/wp-json\/wp\/v2\/posts\/9337\/revisions\/9339"}],"wp:featuredmedia":[{"embeddable":true,"href":"https:\/\/sertaneja95fm.com.br\/sited\/wp-json\/wp\/v2\/media\/9338"}],"wp:attachment":[{"href":"https:\/\/sertaneja95fm.com.br\/sited\/wp-json\/wp\/v2\/media?parent=9337"}],"wp:term":[{"taxonomy":"category","embeddable":true,"href":"https:\/\/sertaneja95fm.com.br\/sited\/wp-json\/wp\/v2\/categories?post=9337"},{"taxonomy":"post_tag","embeddable":true,"href":"https:\/\/sertaneja95fm.com.br\/sited\/wp-json\/wp\/v2\/tags?post=9337"}],"curies":[{"name":"wp","href":"https:\/\/api.w.org\/{rel}","templated":true}]}}