{"id":9358,"date":"2024-06-27T15:59:47","date_gmt":"2024-06-27T18:59:47","guid":{"rendered":"https:\/\/sertaneja95fm.com.br\/?p=9358"},"modified":"2024-06-27T15:59:47","modified_gmt":"2024-06-27T18:59:47","slug":"processo-seletivo-e-publicado-pela-prefeitura-de-acari-rn","status":"publish","type":"post","link":"https:\/\/sertaneja95fm.com.br\/sited\/processo-seletivo-e-publicado-pela-prefeitura-de-acari-rn\/","title":{"rendered":"Processo Seletivo \u00e9 publicado pela Prefeitura de Acari (RN)"},"content":{"rendered":"<p>No estado do Rio Grande do Norte, a Prefeitura de Acari, por meio da Secretaria Municipal de Educa\u00e7\u00e3o, Cultura e Esportes, anuncia a realiza\u00e7\u00e3o de um novo Processo Seletivo, que tem por objetivo a forma\u00e7\u00e3o de cadastro reserva destinado \u00e0 contrata\u00e7\u00e3o de profissionais em car\u00e1ter tempor\u00e1rio.<\/p>\n<p>H\u00e1 oportunidades dispon\u00edveis entre os seguintes cargos de Facilitador para Acompanhamento Pedag\u00f3gico em Leitura e Escrita (Polivalente) e Facilitador para Acompanhamento Pedag\u00f3gico em L\u00edngua Portuguesa (Anos Finais), que, ao serem contratados, devem exercer fun\u00e7\u00f5es em jornadas de 12 horas semanais, com remunera\u00e7\u00e3o mensal no valor de R$ 283,50 por turma trabalhada.<\/p>\n<p>Para concorrer \u00e0 oportunidade ofertada, \u00e9 necess\u00e1rio que o candidato possua licenciatura em pedagogia ou em letras.<\/p>\n<p>Os interessados em participar do Processo Seletivo, podem se inscrever no per\u00edodo de 26 a 27 de junho de 2024, na Secretaria Municipal de Educa\u00e7\u00e3o, Cultura e Esportes, situada na Rua Silvino Adonias Bezerra, n\u00ba 151, bairro Ari de Pinho. O atendimento \u00e9 das 7h \u00e0s 15h.<\/p>\n<p>Como forma de classifica\u00e7\u00e3o, os candidatos ser\u00e3o submetidos \u00e0 an\u00e1lise curricular, com base nos crit\u00e9rios de pontua\u00e7\u00e3o especificados no documento de sele\u00e7\u00e3o.<\/p>\n<p>De acordo com o edital de abertura, o Processo Seletivo ter\u00e1 validade durante seis meses, contados a partir da homologa\u00e7\u00e3o dos resultados.<\/p>\n<p>PCI Concurso<\/p>\n<p>Foto: Reprodu\u00e7\u00e3o<\/p>\n","protected":false},"excerpt":{"rendered":"<p>No estado do Rio Grande do Norte, a Prefeitura de Acari, por meio da Secretaria Municipal de Educa\u00e7\u00e3o, Cultura e Esportes, anuncia a realiza\u00e7\u00e3o de um novo Processo Seletivo, que tem por objetivo a forma\u00e7\u00e3o de cadastro reserva destinado \u00e0 contrata\u00e7\u00e3o de profissionais em car\u00e1ter tempor\u00e1rio. H\u00e1 oportunidades dispon\u00edveis entre os seguintes cargos de Facilitador [&hellip;]<\/p>\n","protected":false},"author":2,"featured_media":9359,"comment_status":"open","ping_status":"open","sticky":false,"template":"","format":"standard","meta":{"footnotes":""},"categories":[3,4,5,6,7,8],"tags":[],"class_list":["post-9358","post","type-post","status-publish","format-standard","has-post-thumbnail","hentry","category-destaque","category-locais","category-noticias","category-podcasts","category-sem-categoria","category-ultimas"],"aioseo_notices":[],"_links":{"self":[{"href":"https:\/\/sertaneja95fm.com.br\/sited\/wp-json\/wp\/v2\/posts\/9358","targetHints":{"allow":["GET"]}}],"collection":[{"href":"https:\/\/sertaneja95fm.com.br\/sited\/wp-json\/wp\/v2\/posts"}],"about":[{"href":"https:\/\/sertaneja95fm.com.br\/sited\/wp-json\/wp\/v2\/types\/post"}],"author":[{"embeddable":true,"href":"https:\/\/sertaneja95fm.com.br\/sited\/wp-json\/wp\/v2\/users\/2"}],"replies":[{"embeddable":true,"href":"https:\/\/sertaneja95fm.com.br\/sited\/wp-json\/wp\/v2\/comments?post=9358"}],"version-history":[{"count":1,"href":"https:\/\/sertaneja95fm.com.br\/sited\/wp-json\/wp\/v2\/posts\/9358\/revisions"}],"predecessor-version":[{"id":9360,"href":"https:\/\/sertaneja95fm.com.br\/sited\/wp-json\/wp\/v2\/posts\/9358\/revisions\/9360"}],"wp:featuredmedia":[{"embeddable":true,"href":"https:\/\/sertaneja95fm.com.br\/sited\/wp-json\/wp\/v2\/media\/9359"}],"wp:attachment":[{"href":"https:\/\/sertaneja95fm.com.br\/sited\/wp-json\/wp\/v2\/media?parent=9358"}],"wp:term":[{"taxonomy":"category","embeddable":true,"href":"https:\/\/sertaneja95fm.com.br\/sited\/wp-json\/wp\/v2\/categories?post=9358"},{"taxonomy":"post_tag","embeddable":true,"href":"https:\/\/sertaneja95fm.com.br\/sited\/wp-json\/wp\/v2\/tags?post=9358"}],"curies":[{"name":"wp","href":"https:\/\/api.w.org\/{rel}","templated":true}]}}