{"id":9366,"date":"2024-06-27T16:03:16","date_gmt":"2024-06-27T19:03:16","guid":{"rendered":"https:\/\/sertaneja95fm.com.br\/?p=9366"},"modified":"2024-06-27T16:03:16","modified_gmt":"2024-06-27T19:03:16","slug":"novo-plano-nacional-de-educacao-tera-novos-padroes-de-qualidade-de-infraestrutura-ensino-e-formacao","status":"publish","type":"post","link":"https:\/\/sertaneja95fm.com.br\/sited\/novo-plano-nacional-de-educacao-tera-novos-padroes-de-qualidade-de-infraestrutura-ensino-e-formacao\/","title":{"rendered":"Novo Plano Nacional de Educa\u00e7\u00e3o ter\u00e1 novos padr\u00f5es de qualidade de infraestrutura, ensino e forma\u00e7\u00e3o"},"content":{"rendered":"<p>O novo Plano Nacional de Educa\u00e7\u00e3o (PNE), com metas para a educa\u00e7\u00e3o brasileira em um per\u00edodo de dez anos, ter\u00e1 18 objetivos e 58 indicadores, com \u00eanfase em qualidade nas \u00e1reas de infraestrutura, recursos humanos na educa\u00e7\u00e3o infantil e na profissional, no ensino superior e na forma\u00e7\u00e3o de professores.<\/p>\n<p>As linhas gerais do novo PNE, a ser enviado pelo governo federal \u00e0 C\u00e2mara dos Deputados, foram apresentadas na Casa pelo secret\u00e1rio-executivo-adjunto do Minist\u00e9rio da Educa\u00e7\u00e3o (MEC), Greg\u00f3rio Grisa, nesta quarta-feira (26).<\/p>\n<p>\u201cUma segunda \u00eanfase de inova\u00e7\u00e3o \u00e9 a dimens\u00e3o da aprendizagem com equidade. A gente vai ter novas metas para alfabetiza\u00e7\u00e3o no segundo ano do ensino fundamental, novas metas de aprendizagem para o ensino fundamental e o m\u00e9dio e metas espec\u00edficas para a redu\u00e7\u00e3o da desigualdade de ra\u00e7a, sexo, regional e urbana e rural\u201d, listou ainda o secret\u00e1rio.<\/p>\n<p>O texto tamb\u00e9m ter\u00e1 metas espec\u00edficas para a educa\u00e7\u00e3o ind\u00edgena, do campo e quilombola, modalidades que requerem olhar pedag\u00f3gico e financiamento diferentes. \u201cConstruir educa\u00e7\u00e3o ind\u00edgena e quilombola n\u00e3o custa a mesma coisa que garantir a educa\u00e7\u00e3o urbana no Brasil\u201d, observou Grisa.<\/p>\n<p>Haver\u00e1 ainda metas vinculadas \u00e0 cidadania digital, \u00e0 educa\u00e7\u00e3o ambiental e aos direitos humanos, entre outros temas. Outra proposta \u00e9 elevar de 50% para 60% a abrang\u00eancia de crian\u00e7as de zero a tr\u00eas anos nas creches brasileiras.<\/p>\n<p><em>Ag\u00eancia C\u00e2mara<\/em><\/p>\n<p>Foto: Reprodu\u00e7\u00e3o<\/p>\n","protected":false},"excerpt":{"rendered":"<p>O novo Plano Nacional de Educa\u00e7\u00e3o (PNE), com metas para a educa\u00e7\u00e3o brasileira em um per\u00edodo de dez anos, ter\u00e1 18 objetivos e 58 indicadores, com \u00eanfase em qualidade nas \u00e1reas de infraestrutura, recursos humanos na educa\u00e7\u00e3o infantil e na profissional, no ensino superior e na forma\u00e7\u00e3o de professores. As linhas gerais do novo PNE, [&hellip;]<\/p>\n","protected":false},"author":2,"featured_media":9367,"comment_status":"open","ping_status":"open","sticky":false,"template":"","format":"standard","meta":{"footnotes":""},"categories":[3,4,5,6,7,8],"tags":[],"class_list":["post-9366","post","type-post","status-publish","format-standard","has-post-thumbnail","hentry","category-destaque","category-locais","category-noticias","category-podcasts","category-sem-categoria","category-ultimas"],"aioseo_notices":[],"_links":{"self":[{"href":"https:\/\/sertaneja95fm.com.br\/sited\/wp-json\/wp\/v2\/posts\/9366","targetHints":{"allow":["GET"]}}],"collection":[{"href":"https:\/\/sertaneja95fm.com.br\/sited\/wp-json\/wp\/v2\/posts"}],"about":[{"href":"https:\/\/sertaneja95fm.com.br\/sited\/wp-json\/wp\/v2\/types\/post"}],"author":[{"embeddable":true,"href":"https:\/\/sertaneja95fm.com.br\/sited\/wp-json\/wp\/v2\/users\/2"}],"replies":[{"embeddable":true,"href":"https:\/\/sertaneja95fm.com.br\/sited\/wp-json\/wp\/v2\/comments?post=9366"}],"version-history":[{"count":1,"href":"https:\/\/sertaneja95fm.com.br\/sited\/wp-json\/wp\/v2\/posts\/9366\/revisions"}],"predecessor-version":[{"id":9368,"href":"https:\/\/sertaneja95fm.com.br\/sited\/wp-json\/wp\/v2\/posts\/9366\/revisions\/9368"}],"wp:featuredmedia":[{"embeddable":true,"href":"https:\/\/sertaneja95fm.com.br\/sited\/wp-json\/wp\/v2\/media\/9367"}],"wp:attachment":[{"href":"https:\/\/sertaneja95fm.com.br\/sited\/wp-json\/wp\/v2\/media?parent=9366"}],"wp:term":[{"taxonomy":"category","embeddable":true,"href":"https:\/\/sertaneja95fm.com.br\/sited\/wp-json\/wp\/v2\/categories?post=9366"},{"taxonomy":"post_tag","embeddable":true,"href":"https:\/\/sertaneja95fm.com.br\/sited\/wp-json\/wp\/v2\/tags?post=9366"}],"curies":[{"name":"wp","href":"https:\/\/api.w.org\/{rel}","templated":true}]}}