{"id":9390,"date":"2024-07-12T14:33:58","date_gmt":"2024-07-12T17:33:58","guid":{"rendered":"https:\/\/sertaneja95fm.com.br\/?p=9390"},"modified":"2024-07-12T14:33:58","modified_gmt":"2024-07-12T17:33:58","slug":"vendas-de-mesas-do-pavilhao-comeca-as-1600-para-publico-geral","status":"publish","type":"post","link":"https:\/\/sertaneja95fm.com.br\/sited\/vendas-de-mesas-do-pavilhao-comeca-as-1600-para-publico-geral\/","title":{"rendered":"Vendas de mesas do Pavilh\u00e3o come\u00e7a as 16:00 para p\u00fablico geral"},"content":{"rendered":"<p>A venda de mesas do Pavilh\u00e3o de Sant\u2019Ana foi retomada \u00e0s 12h30 desta sexta-feira (12). O acesso est\u00e1 aberto apenas para usu\u00e1rios com cpf cadastrado na plataforma, priorizando as compras que n\u00e3o conseguiram ser efetuadas ap\u00f3s os problemas registrados na abertura das vendas.<\/p>\n<p>A informa\u00e7\u00e3o foi confirmada pelo o Padre Claudio em entrevista a radio sertaneja FM durante a cavalgada. O p\u00fablico geral vai ter acesso \u00e0 plataforma apenas \u00e0s 16h.<\/p>\n","protected":false},"excerpt":{"rendered":"<p>A venda de mesas do Pavilh\u00e3o de Sant\u2019Ana foi retomada \u00e0s 12h30 desta sexta-feira (12). O acesso est\u00e1 aberto apenas para usu\u00e1rios com cpf cadastrado na plataforma, priorizando as compras que n\u00e3o conseguiram ser efetuadas ap\u00f3s os problemas registrados na abertura das vendas. A informa\u00e7\u00e3o foi confirmada pelo o Padre Claudio em entrevista a radio [&hellip;]<\/p>\n","protected":false},"author":2,"featured_media":9391,"comment_status":"open","ping_status":"open","sticky":false,"template":"","format":"standard","meta":{"footnotes":""},"categories":[3,4,5,6,8],"tags":[],"class_list":["post-9390","post","type-post","status-publish","format-standard","has-post-thumbnail","hentry","category-destaque","category-locais","category-noticias","category-podcasts","category-ultimas"],"aioseo_notices":[],"_links":{"self":[{"href":"https:\/\/sertaneja95fm.com.br\/sited\/wp-json\/wp\/v2\/posts\/9390","targetHints":{"allow":["GET"]}}],"collection":[{"href":"https:\/\/sertaneja95fm.com.br\/sited\/wp-json\/wp\/v2\/posts"}],"about":[{"href":"https:\/\/sertaneja95fm.com.br\/sited\/wp-json\/wp\/v2\/types\/post"}],"author":[{"embeddable":true,"href":"https:\/\/sertaneja95fm.com.br\/sited\/wp-json\/wp\/v2\/users\/2"}],"replies":[{"embeddable":true,"href":"https:\/\/sertaneja95fm.com.br\/sited\/wp-json\/wp\/v2\/comments?post=9390"}],"version-history":[{"count":1,"href":"https:\/\/sertaneja95fm.com.br\/sited\/wp-json\/wp\/v2\/posts\/9390\/revisions"}],"predecessor-version":[{"id":9392,"href":"https:\/\/sertaneja95fm.com.br\/sited\/wp-json\/wp\/v2\/posts\/9390\/revisions\/9392"}],"wp:featuredmedia":[{"embeddable":true,"href":"https:\/\/sertaneja95fm.com.br\/sited\/wp-json\/wp\/v2\/media\/9391"}],"wp:attachment":[{"href":"https:\/\/sertaneja95fm.com.br\/sited\/wp-json\/wp\/v2\/media?parent=9390"}],"wp:term":[{"taxonomy":"category","embeddable":true,"href":"https:\/\/sertaneja95fm.com.br\/sited\/wp-json\/wp\/v2\/categories?post=9390"},{"taxonomy":"post_tag","embeddable":true,"href":"https:\/\/sertaneja95fm.com.br\/sited\/wp-json\/wp\/v2\/tags?post=9390"}],"curies":[{"name":"wp","href":"https:\/\/api.w.org\/{rel}","templated":true}]}}