{"id":9393,"date":"2024-07-12T14:42:03","date_gmt":"2024-07-12T17:42:03","guid":{"rendered":"https:\/\/sertaneja95fm.com.br\/?p=9393"},"modified":"2024-07-12T14:42:03","modified_gmt":"2024-07-12T17:42:03","slug":"mais-medicos-edital-tem-33-mil-inscritos-104-profissionais-por-vaga","status":"publish","type":"post","link":"https:\/\/sertaneja95fm.com.br\/sited\/mais-medicos-edital-tem-33-mil-inscritos-104-profissionais-por-vaga\/","title":{"rendered":"Mais M\u00e9dicos: edital tem 33 mil inscritos; 10,4 profissionais por vaga"},"content":{"rendered":"<p>O novo edital do Programa Mais M\u00e9dicos registrou 33 mil inscri\u00e7\u00f5es para concorrer a mais de 3,1 mil vagas \u2013 uma m\u00e9dia de 10,4 profissionais por vaga. Os n\u00fameros foram divulgados nesta quinta-feira (11) pelo Minist\u00e9rio da Sa\u00fade.<\/p>\n<p>Em nota, a pasta avaliou a ades\u00e3o como \u201crecorde de candidatos\u201d e destacou novidades no edital, como vagas, no regime de cotas, para pessoas com defici\u00eancia e grupos \u00e9tnico-raciais (negros, quilombolas e ind\u00edgenas).<\/p>\n<p>O balan\u00e7o mostra que as chamadas vagas afirmativas do Mais M\u00e9dicos receberam um total de 3,1 mil inscri\u00e7\u00f5es, sendo 2,6 mil negros, 34 quilombolas, 70 ind\u00edgenas e 382 pessoas com defici\u00eancia.<\/p>\n<p>Do total geral de inscri\u00e7\u00f5es para o programa, 18,7 mil s\u00e3o mulheres \u2013\u00a0cerca de 57%. A pasta divulgou ainda o total de inscri\u00e7\u00f5es por tipo de perfil profissional:<\/p>\n<p>\u2013 m\u00e9dicos formados em institui\u00e7\u00f5es de educa\u00e7\u00e3o superior brasileiras ou com diploma revalidado no pais com registro no CRM: 15.699;<\/p>\n<p>\u2013 m\u00e9dicos brasileiros com habilita\u00e7\u00e3o para exerc\u00edcio da medicina no exterior: 13.467;<\/p>\n<p>\u2013 m\u00e9dicos estrangeiros com habilita\u00e7\u00e3o para exerc\u00edcio de medicina no exterior: 3.848.<\/p>\n<p><em>Foto: Reprodu\u00e7\u00e3o<\/em><\/p>\n","protected":false},"excerpt":{"rendered":"<p>O novo edital do Programa Mais M\u00e9dicos registrou 33 mil inscri\u00e7\u00f5es para concorrer a mais de 3,1 mil vagas \u2013 uma m\u00e9dia de 10,4 profissionais por vaga. Os n\u00fameros foram divulgados nesta quinta-feira (11) pelo Minist\u00e9rio da Sa\u00fade. Em nota, a pasta avaliou a ades\u00e3o como \u201crecorde de candidatos\u201d e destacou novidades no edital, como [&hellip;]<\/p>\n","protected":false},"author":2,"featured_media":9394,"comment_status":"open","ping_status":"open","sticky":false,"template":"","format":"standard","meta":{"footnotes":""},"categories":[3,4,5,6,7,8],"tags":[],"class_list":["post-9393","post","type-post","status-publish","format-standard","has-post-thumbnail","hentry","category-destaque","category-locais","category-noticias","category-podcasts","category-sem-categoria","category-ultimas"],"aioseo_notices":[],"_links":{"self":[{"href":"https:\/\/sertaneja95fm.com.br\/sited\/wp-json\/wp\/v2\/posts\/9393","targetHints":{"allow":["GET"]}}],"collection":[{"href":"https:\/\/sertaneja95fm.com.br\/sited\/wp-json\/wp\/v2\/posts"}],"about":[{"href":"https:\/\/sertaneja95fm.com.br\/sited\/wp-json\/wp\/v2\/types\/post"}],"author":[{"embeddable":true,"href":"https:\/\/sertaneja95fm.com.br\/sited\/wp-json\/wp\/v2\/users\/2"}],"replies":[{"embeddable":true,"href":"https:\/\/sertaneja95fm.com.br\/sited\/wp-json\/wp\/v2\/comments?post=9393"}],"version-history":[{"count":1,"href":"https:\/\/sertaneja95fm.com.br\/sited\/wp-json\/wp\/v2\/posts\/9393\/revisions"}],"predecessor-version":[{"id":9395,"href":"https:\/\/sertaneja95fm.com.br\/sited\/wp-json\/wp\/v2\/posts\/9393\/revisions\/9395"}],"wp:featuredmedia":[{"embeddable":true,"href":"https:\/\/sertaneja95fm.com.br\/sited\/wp-json\/wp\/v2\/media\/9394"}],"wp:attachment":[{"href":"https:\/\/sertaneja95fm.com.br\/sited\/wp-json\/wp\/v2\/media?parent=9393"}],"wp:term":[{"taxonomy":"category","embeddable":true,"href":"https:\/\/sertaneja95fm.com.br\/sited\/wp-json\/wp\/v2\/categories?post=9393"},{"taxonomy":"post_tag","embeddable":true,"href":"https:\/\/sertaneja95fm.com.br\/sited\/wp-json\/wp\/v2\/tags?post=9393"}],"curies":[{"name":"wp","href":"https:\/\/api.w.org\/{rel}","templated":true}]}}