{"id":9408,"date":"2024-07-22T15:18:35","date_gmt":"2024-07-22T18:18:35","guid":{"rendered":"https:\/\/sertaneja95fm.com.br\/?p=9408"},"modified":"2024-07-22T15:18:35","modified_gmt":"2024-07-22T18:18:35","slug":"liga-contra-o-cancer-inaugura-centro-de-diagnostico-e-ensino-do-serido-em-currais-novos-nesta-quarta-feira-24","status":"publish","type":"post","link":"https:\/\/sertaneja95fm.com.br\/sited\/liga-contra-o-cancer-inaugura-centro-de-diagnostico-e-ensino-do-serido-em-currais-novos-nesta-quarta-feira-24\/","title":{"rendered":"Liga Contra o C\u00e2ncer inaugura Centro de Diagn\u00f3stico e Ensino do Serid\u00f3 em Currais Novos nesta quarta-feira (24)"},"content":{"rendered":"<p>A Liga Contra o C\u00e2ncer inaugura, nesta quarta-feira (24), a primeira fase da obra do Centro de Diagn\u00f3stico e Ensino do Serid\u00f3, em Currais Novos. A solenidade, para convidados, acontece a partir das 10h e vai reunir diretores, colaboradores e autoridades.<\/p>\n<p>Localizada no bairro Paizinho Maria, na BR-226, a nova unidade vai come\u00e7ar a funcionar de forma progressiva a partir da sua inaugura\u00e7\u00e3o e os atendimentos \u00e0 popula\u00e7\u00e3o come\u00e7am nesta quinta-feira (25) e j\u00e1 podem ser agendados via canais de atendimento da Liga. Inicialmente, o CDES vai contar com quatro consult\u00f3rios m\u00e9dicos em funcionamento, al\u00e9m de sala de mamografia, tomografia e ultrassonografia.<\/p>\n<p>Quando estiver em pleno funcionamento, o centro ter\u00e1 seis consult\u00f3rios m\u00e9dicos, uma sala de pequenas cirurgias, mam\u00f3grafo digital, dois aparelhos de ultrassonografia, tomografia computadorizada e resson\u00e2ncia magn\u00e9tica. Al\u00e9m dos atendimentos m\u00e9dicos, um centro de ensino e pesquisa vinculado ao Instituto de Ensino, Pesquisa e Inova\u00e7\u00e3o (IEPI) da Liga tamb\u00e9m vai funcionar no local, oferecendo cursos de capacita\u00e7\u00e3o de profissionais que atendem a comunidade, tanto de Currais Novos, quanto dos munic\u00edpios vizinhos.<\/p>\n<p>No planejamento para o segundo semestre de 2024, as primeiras qualifica\u00e7\u00f5es ser\u00e3o ofertadas a partir de agosto e incluem um Curso Pr\u00e1tico em Diagn\u00f3stico por Imagem, direcionado para tecn\u00f3logos e t\u00e9cnicos em radiologia; Manejo de Urg\u00eancias Odontol\u00f3gicas, para odont\u00f3logos; Terapia Nutricional em Oncologia, voltado para profissionais e estudantes de Nutri\u00e7\u00e3o a partir do 6\u00ba per\u00edodo; e Atualiza\u00e7\u00e3o em Farm\u00e1cia Hospitalar, para t\u00e9cnicos e auxiliares\u00a0de\u00a0Farm\u00e1cia.<\/p>\n<p>A constru\u00e7\u00e3o do CDES foi viabilizada pelo senador Styvenson Valentim foi meio de emenda da bancada federal do Rio Grande do Norte para a Liga em 2022 e 2023, totalizando R$ 29.143.000 e R$ 13.312.000 em 2024. J\u00e1 o terreno foi doado pela Prefeitura de Currais Novos. \u201cSem esse apoio da classe pol\u00edtica, a Liga n\u00e3o teria a possibilidade de destinar recursos para uma obra como a da nova unidade de Currais Novos, que vai beneficiar cerca de 435 mil habitantes de 38 munic\u00edpios do entorno de Currais Novos, dando mais acesso \u00e0 sa\u00fade para a popula\u00e7\u00e3o que mora no interior\u201d, explica Roberto Sales, superintendente da Liga.<\/p>\n<p>Os pacientes da rede p\u00fablica que precisarem acessar os servi\u00e7os do Centro de Diagn\u00f3stico e Ensino do Serid\u00f3 dever\u00e3o procurar uma Unidade B\u00e1sica de Sa\u00fade (UBS) do seu munic\u00edpio para que seja referenciado para a Liga atrav\u00e9s do Sistema \u00fanico de Sa\u00fade (SUS). J\u00e1 quem busca o atendimento atrav\u00e9s da rede suplementar ou particular, pode fazer o agendamento via telefone (84 4009-5600) ou WhatsApp (84 4009-5601).<\/p>\n<p><strong>Servi\u00e7o:<\/strong><br \/>\nSolenidade de inaugura\u00e7\u00e3o do Centro de Diagn\u00f3stico e Ensino do Serid\u00f3<br \/>\nDia 24\/07\/2024, \u00e0s 10h<br \/>\nEndere\u00e7o: Rodovia BR-226, S\/N, Paizinho Maria, Currais Novos\/RN<\/p>\n","protected":false},"excerpt":{"rendered":"<p>A Liga Contra o C\u00e2ncer inaugura, nesta quarta-feira (24), a primeira fase da obra do Centro de Diagn\u00f3stico e Ensino do Serid\u00f3, em Currais Novos. A solenidade, para convidados, acontece a partir das 10h e vai reunir diretores, colaboradores e autoridades. Localizada no bairro Paizinho Maria, na BR-226, a nova unidade vai come\u00e7ar a funcionar [&hellip;]<\/p>\n","protected":false},"author":2,"featured_media":9409,"comment_status":"open","ping_status":"open","sticky":false,"template":"","format":"standard","meta":{"footnotes":""},"categories":[9,3,4,5,6,7,8],"tags":[],"class_list":["post-9408","post","type-post","status-publish","format-standard","has-post-thumbnail","hentry","category-9","category-destaque","category-locais","category-noticias","category-podcasts","category-sem-categoria","category-ultimas"],"aioseo_notices":[],"_links":{"self":[{"href":"https:\/\/sertaneja95fm.com.br\/sited\/wp-json\/wp\/v2\/posts\/9408","targetHints":{"allow":["GET"]}}],"collection":[{"href":"https:\/\/sertaneja95fm.com.br\/sited\/wp-json\/wp\/v2\/posts"}],"about":[{"href":"https:\/\/sertaneja95fm.com.br\/sited\/wp-json\/wp\/v2\/types\/post"}],"author":[{"embeddable":true,"href":"https:\/\/sertaneja95fm.com.br\/sited\/wp-json\/wp\/v2\/users\/2"}],"replies":[{"embeddable":true,"href":"https:\/\/sertaneja95fm.com.br\/sited\/wp-json\/wp\/v2\/comments?post=9408"}],"version-history":[{"count":1,"href":"https:\/\/sertaneja95fm.com.br\/sited\/wp-json\/wp\/v2\/posts\/9408\/revisions"}],"predecessor-version":[{"id":9410,"href":"https:\/\/sertaneja95fm.com.br\/sited\/wp-json\/wp\/v2\/posts\/9408\/revisions\/9410"}],"wp:featuredmedia":[{"embeddable":true,"href":"https:\/\/sertaneja95fm.com.br\/sited\/wp-json\/wp\/v2\/media\/9409"}],"wp:attachment":[{"href":"https:\/\/sertaneja95fm.com.br\/sited\/wp-json\/wp\/v2\/media?parent=9408"}],"wp:term":[{"taxonomy":"category","embeddable":true,"href":"https:\/\/sertaneja95fm.com.br\/sited\/wp-json\/wp\/v2\/categories?post=9408"},{"taxonomy":"post_tag","embeddable":true,"href":"https:\/\/sertaneja95fm.com.br\/sited\/wp-json\/wp\/v2\/tags?post=9408"}],"curies":[{"name":"wp","href":"https:\/\/api.w.org\/{rel}","templated":true}]}}