{"id":9432,"date":"2024-08-12T09:56:49","date_gmt":"2024-08-12T12:56:49","guid":{"rendered":"https:\/\/sertaneja95fm.com.br\/?p=9432"},"modified":"2024-08-12T09:56:49","modified_gmt":"2024-08-12T12:56:49","slug":"alrn-se-solidariza-com-familia-de-potiguar-vitima-de-acidente-aereo","status":"publish","type":"post","link":"https:\/\/sertaneja95fm.com.br\/sited\/alrn-se-solidariza-com-familia-de-potiguar-vitima-de-acidente-aereo\/","title":{"rendered":"ALRN se solidariza com fam\u00edlia de potiguar v\u00edtima de acidente a\u00e9reo"},"content":{"rendered":"<p>\u201cNota de pesar<br \/>\nConfirma\u00e7\u00e3o da morte de potiguar em acidente a\u00e9reo<br \/>\n10.08.2024<\/p>\n<p>Uma informa\u00e7\u00e3o triste para todo o Rio Grande do Norte: a confirma\u00e7\u00e3o da morte do empres\u00e1rio Constantino Th\u00e9 Maia, no acidente a\u00e9reo ocorrido em S\u00e3o Paulo na tarde de sexta-feira (9).<\/p>\n<p>A Assembleia Legislativa do Rio Grande do Norte, em nome dos 24 deputados estaduais, do presidente Ezequiel Ferreira e servidores do Legislativo se solidariza com a fam\u00edlia de Constantino ao mesmo tempo em que manifesta pesar a todas as v\u00edtimas do acidente.<\/p>\n<p>A informa\u00e7\u00e3o foi confirmada pela VoePass apenas na manh\u00e3 deste s\u00e1bado (10), ampliando o n\u00famero de v\u00edtimas fatais para 62. Ele estava em viagem a trabalho e retornava para casa.\u00a0O potiguar era casado h\u00e1 25 anos e deixa dois filhos.<\/p>\n<p>O nome de Constantino n\u00e3o constava na lista inicial de passageiros embarcados. De acordo com a companhia, uma quest\u00e3o t\u00e9cnica referente \u00e0s valida\u00e7\u00f5es de check-in e contagem de passageiros impossibilitou que o nome do potiguar estivesse na primeira lista divulgada.<\/p>\n<p>O Poder Legislativo se solidariza com os familiares, a esposa Nicole, os dois filhos e amigos de todas as v\u00edtimas dessa trag\u00e9dia. Nosso abra\u00e7o de solidariedade.<\/p>\n<p>Pal\u00e1cio Jos\u00e9 Augusto<br \/>\nAssembleia Legislativa do Rio Grande do Norte\u201d<\/p>\n","protected":false},"excerpt":{"rendered":"<p>\u201cNota de pesar Confirma\u00e7\u00e3o da morte de potiguar em acidente a\u00e9reo 10.08.2024 Uma informa\u00e7\u00e3o triste para todo o Rio Grande do Norte: a confirma\u00e7\u00e3o da morte do empres\u00e1rio Constantino Th\u00e9 Maia, no acidente a\u00e9reo ocorrido em S\u00e3o Paulo na tarde de sexta-feira (9). A Assembleia Legislativa do Rio Grande do Norte, em nome dos 24 [&hellip;]<\/p>\n","protected":false},"author":2,"featured_media":9433,"comment_status":"open","ping_status":"open","sticky":false,"template":"","format":"standard","meta":{"footnotes":""},"categories":[3,4,5,6,7,8],"tags":[],"class_list":["post-9432","post","type-post","status-publish","format-standard","has-post-thumbnail","hentry","category-destaque","category-locais","category-noticias","category-podcasts","category-sem-categoria","category-ultimas"],"aioseo_notices":[],"_links":{"self":[{"href":"https:\/\/sertaneja95fm.com.br\/sited\/wp-json\/wp\/v2\/posts\/9432","targetHints":{"allow":["GET"]}}],"collection":[{"href":"https:\/\/sertaneja95fm.com.br\/sited\/wp-json\/wp\/v2\/posts"}],"about":[{"href":"https:\/\/sertaneja95fm.com.br\/sited\/wp-json\/wp\/v2\/types\/post"}],"author":[{"embeddable":true,"href":"https:\/\/sertaneja95fm.com.br\/sited\/wp-json\/wp\/v2\/users\/2"}],"replies":[{"embeddable":true,"href":"https:\/\/sertaneja95fm.com.br\/sited\/wp-json\/wp\/v2\/comments?post=9432"}],"version-history":[{"count":1,"href":"https:\/\/sertaneja95fm.com.br\/sited\/wp-json\/wp\/v2\/posts\/9432\/revisions"}],"predecessor-version":[{"id":9434,"href":"https:\/\/sertaneja95fm.com.br\/sited\/wp-json\/wp\/v2\/posts\/9432\/revisions\/9434"}],"wp:featuredmedia":[{"embeddable":true,"href":"https:\/\/sertaneja95fm.com.br\/sited\/wp-json\/wp\/v2\/media\/9433"}],"wp:attachment":[{"href":"https:\/\/sertaneja95fm.com.br\/sited\/wp-json\/wp\/v2\/media?parent=9432"}],"wp:term":[{"taxonomy":"category","embeddable":true,"href":"https:\/\/sertaneja95fm.com.br\/sited\/wp-json\/wp\/v2\/categories?post=9432"},{"taxonomy":"post_tag","embeddable":true,"href":"https:\/\/sertaneja95fm.com.br\/sited\/wp-json\/wp\/v2\/tags?post=9432"}],"curies":[{"name":"wp","href":"https:\/\/api.w.org\/{rel}","templated":true}]}}